{"id":68895,"date":"2025-03-12T14:25:12","date_gmt":"2025-03-12T12:25:12","guid":{"rendered":"https:\/\/orheifm.live\/index.php\/2025\/03\/12\/tarifele-la-apa-in-crestere-locuitorii-capitalei-ar-putea-plati-cu-17-mai-mult\/"},"modified":"2025-03-12T14:25:12","modified_gmt":"2025-03-12T12:25:12","slug":"tarifele-la-apa-in-crestere-locuitorii-capitalei-ar-putea-plati-cu-17-mai-mult","status":"publish","type":"post","link":"https:\/\/orheifm.live\/index.php\/2025\/03\/12\/tarifele-la-apa-in-crestere-locuitorii-capitalei-ar-putea-plati-cu-17-mai-mult\/","title":{"rendered":"Tarifele la ap\u0103, \u00een cre\u0219tere: Locuitorii Capitalei ar putea pl\u0103ti cu 17% mai mult"},"content":{"rendered":"<div>\n<p><strong>Scumpirile se \u021bin lan\u021b. Dup\u0103 majorarea tarifelor la gaz, energie electric\u0103, \u00eenc\u0103lzire, ar urma s\u0103 achit\u0103m mai mult \u0219i pentru apa potabil\u0103 \u0219i cea menajer\u0103. Ast\u0103zi a fost admis\u0103 \u00eenc\u0103 o majorare care-i vizeaz\u0103 pe locuitorii capitalei. Ace\u0219tia ar putea pl\u0103ti cu doi lei \u0219i 20 de bani sau cu 17% mai mult pentru apa potabil\u0103. <\/strong><br \/>\n<iframe loading=\"lazy\" title=\"YouTube video player\" src=\"https:\/\/www.youtube.com\/embed\/SLvoBGu8YMo?si=xaYPTw-5H_8eL-ME\" width=\"560\" height=\"315\" frameborder=\"0\" allowfullscreen=\"allowfullscreen\"><\/iframe><\/p>\n<p>Agen\u021bia Na\u021bional\u0103 pentru Reglementare \u00een Energetic\u0103 a accepat par\u021bial solicitarea Ap\u0103-Canal Chi\u0219in\u0103u privind majorarea tarifului la ap\u0103 potabil\u0103. Un proiect de hot\u0103r\u00e2re \u00een acest sens a fost elaborat de reprezentan\u021bii ANRE \u0219i urmeaz\u0103 s\u0103 fie supus examin\u0103rii.<\/p>\n<p>Astfel, potrivit ANRE, noul tarif la ap\u0103 potabil\u0103 va fi de 12 lei \u0219i 99 de bani pentru un metru cub, fa\u021b\u0103 de pre\u021bul actual de 10 lei \u0219i 79 de bani. \u00cen plus, consumatorii casnici vor pl\u0103ti mai mult \u0219i pentru serviciile de canalizare. ANRE propune un tarif de 5,63 lei\/m3, fa\u021b\u0103 de 4,18 lei\/m3 \u00een prezent.<\/p>\n<p>Pentru consumatorii non-casnici, tariful va r\u0103m\u00e2ne neschimbat, la 10,16 lei\/m3. Noile tarife urmeaz\u0103 a fi aprobate \u00een \u0219edin\u021ba ANRE. Scumpirea apei vine dup\u0103 valul de major\u0103ri la gaz \u0219i curent electric, de asemenea au crescut pre\u021burile la c\u0103ldur\u0103 \u0219i la un \u0219ir de produse alimentare, nealimentare \u0219i servicii.<\/p>\n<\/div>\n","protected":false},"excerpt":{"rendered":"<div>Scumpirile se \u021bin lan\u021b. Dup\u0103 majorarea tarifelor la gaz, energie electric\u0103, \u00eenc\u0103lzire, ar urma s\u0103 achit\u0103m mai mult \u0219i pentru apa potabil\u0103 \u0219i cea menajer\u0103. Ast\u0103zi a fost admis\u0103 \u00eenc\u0103 o majorare care-i vizeaz\u0103 pe locuitorii capitalei. Ace\u0219tia ar putea pl\u0103ti cu doi lei \u0219i 20 de bani sau cu 17% mai mult pentru apa [\u2026]<\/div>\n","protected":false},"author":1,"featured_media":0,"comment_status":"closed","ping_status":"closed","sticky":false,"template":"","format":"standard","meta":{"jnews-multi-image_gallery":[],"jnews_single_post":[],"jnews_primary_category":[],"jnews_social_meta":[],"jnews_override_counter":[],"footnotes":""},"categories":[23],"tags":[],"class_list":["post-68895","post","type-post","status-publish","format-standard","hentry","category-politica_ro"],"_links":{"self":[{"href":"https:\/\/orheifm.live\/index.php\/wp-json\/wp\/v2\/posts\/68895","targetHints":{"allow":["GET"]}}],"collection":[{"href":"https:\/\/orheifm.live\/index.php\/wp-json\/wp\/v2\/posts"}],"about":[{"href":"https:\/\/orheifm.live\/index.php\/wp-json\/wp\/v2\/types\/post"}],"author":[{"embeddable":true,"href":"https:\/\/orheifm.live\/index.php\/wp-json\/wp\/v2\/users\/1"}],"replies":[{"embeddable":true,"href":"https:\/\/orheifm.live\/index.php\/wp-json\/wp\/v2\/comments?post=68895"}],"version-history":[{"count":0,"href":"https:\/\/orheifm.live\/index.php\/wp-json\/wp\/v2\/posts\/68895\/revisions"}],"wp:attachment":[{"href":"https:\/\/orheifm.live\/index.php\/wp-json\/wp\/v2\/media?parent=68895"}],"wp:term":[{"taxonomy":"category","embeddable":true,"href":"https:\/\/orheifm.live\/index.php\/wp-json\/wp\/v2\/categories?post=68895"},{"taxonomy":"post_tag","embeddable":true,"href":"https:\/\/orheifm.live\/index.php\/wp-json\/wp\/v2\/tags?post=68895"}],"curies":[{"name":"wp","href":"https:\/\/api.w.org\/{rel}","templated":true}]}}