{"id":68893,"date":"2025-03-12T13:40:38","date_gmt":"2025-03-12T11:40:38","guid":{"rendered":"https:\/\/orheifm.live\/index.php\/2025\/03\/12\/un-moldovean-a-incercat-sa-treaca-frontiera-cu-un-bmw-furat-din-italia\/"},"modified":"2025-03-12T13:40:38","modified_gmt":"2025-03-12T11:40:38","slug":"un-moldovean-a-incercat-sa-treaca-frontiera-cu-un-bmw-furat-din-italia","status":"publish","type":"post","link":"https:\/\/orheifm.live\/index.php\/2025\/03\/12\/un-moldovean-a-incercat-sa-treaca-frontiera-cu-un-bmw-furat-din-italia\/","title":{"rendered":"Un moldovean a \u00eencercat s\u0103 treac\u0103 frontiera cu un BMW furat din Italia"},"content":{"rendered":"<div>\n<p><strong>Un moldovean de 45 de ani este cercetat penal de autorit\u0103\u021bile rom\u00e2ne dup\u0103 ce a \u00eencercat s\u0103 treac\u0103 frontiera cu un BMW furat din Italia. <\/strong><\/p>\n<p>Incidentul a avut loc la Punctul de Trecere a Frontierei Albi\u021ba. B\u0103rbatul, care de\u021binea \u0219i cet\u0103\u021benia polonez\u0103, s-a prezentat la controlul de frontier\u0103 pe 9 martie. La \u00eentrebarea autorit\u0103\u021bilor despre situa\u021bia autoturismului, acesta a spus c\u0103 un prieten italian l-a ajutat s\u0103 \u00eenchirieze ma\u0219ina pentru deplas\u0103ri \u00een mai multe state Schengen, \u00eens\u0103 nu a putut prezenta un contract de \u00eenchiriere.<\/p>\n<p>Din cauza suspiciunilor legate de legalitatea ma\u0219inii, autorit\u0103\u021bile rom\u00e2ne au efectuat verific\u0103ri \u0219i au descoperit c\u0103 autoturismul era declarat furat \u00een Italia. Poli\u021bia de frontier\u0103 rom\u00e2n\u0103 cerceteaz\u0103 cazul pentru furt, iar ma\u0219ina, \u00een valoare de 300.000 lei rom\u00e2ne\u0219ti (aproximativ 1,2 milioane de lei moldovene\u0219ti), a fost re\u021binut\u0103 pentru continuarea investiga\u021biilor.<\/p>\n<\/div>\n","protected":false},"excerpt":{"rendered":"<div><img loading=\"lazy\" decoding=\"async\" width=\"696\" height=\"417\" src=\"https:\/\/canal5.md\/wp-content\/uploads\/2025\/03\/d32339d5eba91e25166157c9c81fa3e7-1024x614-optimized.webp\" class=\"attachment-large size-large wp-post-image\" alt=\"\" srcset=\"https:\/\/canal5.md\/wp-content\/uploads\/2025\/03\/d32339d5eba91e25166157c9c81fa3e7-1024x614-optimized.webp 1024w, https:\/\/canal5.md\/wp-content\/uploads\/2025\/03\/d32339d5eba91e25166157c9c81fa3e7-300x180-optimized.webp 300w, https:\/\/canal5.md\/wp-content\/uploads\/2025\/03\/d32339d5eba91e25166157c9c81fa3e7-768x461-optimized.webp 768w, https:\/\/canal5.md\/wp-content\/uploads\/2025\/03\/d32339d5eba91e25166157c9c81fa3e7-696x418-optimized.webp 696w, https:\/\/canal5.md\/wp-content\/uploads\/2025\/03\/d32339d5eba91e25166157c9c81fa3e7-1068x641-optimized.webp 1068w, https:\/\/canal5.md\/wp-content\/uploads\/2025\/03\/d32339d5eba91e25166157c9c81fa3e7-optimized.webp 1200w\">Un moldovean de 45 de ani este cercetat penal de autorit\u0103\u021bile rom\u00e2ne dup\u0103 ce a \u00eencercat s\u0103 treac\u0103 frontiera cu un BMW furat din Italia. Incidentul a avut loc la Punctul de Trecere a Frontierei Albi\u021ba. B\u0103rbatul, care de\u021binea \u0219i cet\u0103\u021benia polonez\u0103, s-a prezentat la controlul de frontier\u0103 pe 9 martie. La \u00eentrebarea autorit\u0103\u021bilor despre [\u2026]<\/div>\n","protected":false},"author":1,"featured_media":68894,"comment_status":"closed","ping_status":"closed","sticky":false,"template":"","format":"standard","meta":{"jnews-multi-image_gallery":[],"jnews_single_post":[],"jnews_primary_category":[],"jnews_social_meta":[],"jnews_override_counter":[],"footnotes":""},"categories":[30],"tags":[],"class_list":["post-68893","post","type-post","status-publish","format-standard","has-post-thumbnail","hentry","category-social_ro"],"_links":{"self":[{"href":"https:\/\/orheifm.live\/index.php\/wp-json\/wp\/v2\/posts\/68893","targetHints":{"allow":["GET"]}}],"collection":[{"href":"https:\/\/orheifm.live\/index.php\/wp-json\/wp\/v2\/posts"}],"about":[{"href":"https:\/\/orheifm.live\/index.php\/wp-json\/wp\/v2\/types\/post"}],"author":[{"embeddable":true,"href":"https:\/\/orheifm.live\/index.php\/wp-json\/wp\/v2\/users\/1"}],"replies":[{"embeddable":true,"href":"https:\/\/orheifm.live\/index.php\/wp-json\/wp\/v2\/comments?post=68893"}],"version-history":[{"count":0,"href":"https:\/\/orheifm.live\/index.php\/wp-json\/wp\/v2\/posts\/68893\/revisions"}],"wp:featuredmedia":[{"embeddable":true,"href":"https:\/\/orheifm.live\/index.php\/wp-json\/wp\/v2\/media\/68894"}],"wp:attachment":[{"href":"https:\/\/orheifm.live\/index.php\/wp-json\/wp\/v2\/media?parent=68893"}],"wp:term":[{"taxonomy":"category","embeddable":true,"href":"https:\/\/orheifm.live\/index.php\/wp-json\/wp\/v2\/categories?post=68893"},{"taxonomy":"post_tag","embeddable":true,"href":"https:\/\/orheifm.live\/index.php\/wp-json\/wp\/v2\/tags?post=68893"}],"curies":[{"name":"wp","href":"https:\/\/api.w.org\/{rel}","templated":true}]}}