{"id":68891,"date":"2025-03-12T13:20:10","date_gmt":"2025-03-12T11:20:10","guid":{"rendered":"https:\/\/orheifm.live\/index.php\/2025\/03\/12\/politia-de-frontiera-a-retinut-doi-ucraineni-care-au-trecut-ilegal-in-republica-moldova\/"},"modified":"2025-03-12T13:20:10","modified_gmt":"2025-03-12T11:20:10","slug":"politia-de-frontiera-a-retinut-doi-ucraineni-care-au-trecut-ilegal-in-republica-moldova","status":"publish","type":"post","link":"https:\/\/orheifm.live\/index.php\/2025\/03\/12\/politia-de-frontiera-a-retinut-doi-ucraineni-care-au-trecut-ilegal-in-republica-moldova\/","title":{"rendered":"Poli\u021bia de Frontier\u0103 a re\u021binut doi ucraineni care au trecut ilegal \u00een Republica Moldova"},"content":{"rendered":"<div>\n<p><strong>Poli\u021bi\u0219tii de frontier\u0103 din Sectorul Poli\u021biei de Frontier\u0103 C\u0103plani au re\u021binut doi cet\u0103\u021beni ucraineni care au trecut ilegal frontiera de stat \u00een Republica Moldova. Incidentul a avut loc la aproximativ 300 de metri de linia frontierei, iar patrula de supraveghere, folosind echipamente de termoviziune, a observat dou\u0103 persoane care se deplasau dinspre Ucraina spre Moldova.<\/strong><\/p>\n<p>Dup\u0103 interven\u021bia rapid\u0103 a poli\u021bi\u0219tilor, cei doi au fost re\u021binu\u021bi \u0219i identifica\u021bi ca fiind b\u0103rba\u021bi de 34 \u0219i 37 de ani. \u00cen timpul cercet\u0103rilor preliminare, ace\u0219tia au solicitat azil \u00een Republica Moldova. Cazul este \u00een continuare investigat, iar autorit\u0103\u021bile competente vor analiza cererea acestora.<\/p>\n<p>Poli\u021bia de Frontier\u0103 continu\u0103 s\u0103 desf\u0103\u0219oare ac\u021biuni pentru prevenirea migra\u021biei ilegale \u0219i asigurarea securit\u0103\u021bii la frontierele Republicii Moldova, at\u00e2t ziua, c\u00e2t \u0219i noaptea.<\/p>\n<\/div>\n","protected":false},"excerpt":{"rendered":"<div><img loading=\"lazy\" decoding=\"async\" width=\"696\" height=\"392\" src=\"https:\/\/canal5.md\/wp-content\/uploads\/2025\/03\/cd0db37d8ac0091a3009f8a5f84c4ce0-optimized.jpg\" class=\"attachment-large size-large wp-post-image\" alt=\"\" srcset=\"https:\/\/canal5.md\/wp-content\/uploads\/2025\/03\/cd0db37d8ac0091a3009f8a5f84c4ce0-optimized.jpg 809w, https:\/\/canal5.md\/wp-content\/uploads\/2025\/03\/cd0db37d8ac0091a3009f8a5f84c4ce0-300x169-optimized.jpg 300w, https:\/\/canal5.md\/wp-content\/uploads\/2025\/03\/cd0db37d8ac0091a3009f8a5f84c4ce0-768x433-optimized.jpg 768w, https:\/\/canal5.md\/wp-content\/uploads\/2025\/03\/cd0db37d8ac0091a3009f8a5f84c4ce0-696x392-optimized.jpg 696w\">Poli\u021bi\u0219tii de frontier\u0103 din Sectorul Poli\u021biei de Frontier\u0103 C\u0103plani au re\u021binut doi cet\u0103\u021beni ucraineni care au trecut ilegal frontiera de stat \u00een Republica Moldova. Incidentul a avut loc la aproximativ 300 de metri de linia frontierei, iar patrula de supraveghere, folosind echipamente de termoviziune, a observat dou\u0103 persoane care se deplasau dinspre Ucraina spre Moldova. [\u2026]<\/div>\n","protected":false},"author":1,"featured_media":68892,"comment_status":"closed","ping_status":"closed","sticky":false,"template":"","format":"standard","meta":{"jnews-multi-image_gallery":[],"jnews_single_post":[],"jnews_primary_category":[],"jnews_social_meta":[],"jnews_override_counter":[],"footnotes":""},"categories":[30],"tags":[],"class_list":["post-68891","post","type-post","status-publish","format-standard","has-post-thumbnail","hentry","category-social_ro"],"_links":{"self":[{"href":"https:\/\/orheifm.live\/index.php\/wp-json\/wp\/v2\/posts\/68891","targetHints":{"allow":["GET"]}}],"collection":[{"href":"https:\/\/orheifm.live\/index.php\/wp-json\/wp\/v2\/posts"}],"about":[{"href":"https:\/\/orheifm.live\/index.php\/wp-json\/wp\/v2\/types\/post"}],"author":[{"embeddable":true,"href":"https:\/\/orheifm.live\/index.php\/wp-json\/wp\/v2\/users\/1"}],"replies":[{"embeddable":true,"href":"https:\/\/orheifm.live\/index.php\/wp-json\/wp\/v2\/comments?post=68891"}],"version-history":[{"count":0,"href":"https:\/\/orheifm.live\/index.php\/wp-json\/wp\/v2\/posts\/68891\/revisions"}],"wp:featuredmedia":[{"embeddable":true,"href":"https:\/\/orheifm.live\/index.php\/wp-json\/wp\/v2\/media\/68892"}],"wp:attachment":[{"href":"https:\/\/orheifm.live\/index.php\/wp-json\/wp\/v2\/media?parent=68891"}],"wp:term":[{"taxonomy":"category","embeddable":true,"href":"https:\/\/orheifm.live\/index.php\/wp-json\/wp\/v2\/categories?post=68891"},{"taxonomy":"post_tag","embeddable":true,"href":"https:\/\/orheifm.live\/index.php\/wp-json\/wp\/v2\/tags?post=68891"}],"curies":[{"name":"wp","href":"https:\/\/api.w.org\/{rel}","templated":true}]}}