{"id":68885,"date":"2025-03-12T12:00:21","date_gmt":"2025-03-12T10:00:21","guid":{"rendered":"https:\/\/orheifm.live\/index.php\/2025\/03\/12\/o-fetita-de-10-ani-a-murit-intr-un-accident-rutier-in-satul-baurci-ceadir-lunga\/"},"modified":"2025-03-12T12:00:21","modified_gmt":"2025-03-12T10:00:21","slug":"o-fetita-de-10-ani-a-murit-intr-un-accident-rutier-in-satul-baurci-ceadir-lunga","status":"publish","type":"post","link":"https:\/\/orheifm.live\/index.php\/2025\/03\/12\/o-fetita-de-10-ani-a-murit-intr-un-accident-rutier-in-satul-baurci-ceadir-lunga\/","title":{"rendered":"O feti\u021b\u0103 de 10 ani a murit \u00eentr-un accident rutier \u00een satul Baurci, Cead\u00eer-Lunga"},"content":{"rendered":"<div>\n<p><strong>Un grav accident a avut loc \u00een aceast\u0103 diminea\u021b\u0103 \u00een satul Baurci, raionul Cead\u00eer-Lunga, soldat cu moartea unei feti\u021be de 10 ani. <\/strong><\/p>\n<p>Un b\u0103rbat de 74 de ani, aflat la volanul unui Renault, a pierdut controlul ma\u0219inii \u0219i a lovit copilul care se \u00eendrepta spre \u0219coal\u0103. Minora a decedat pe loc, iar \u0219oferul, testat cu aparatul Drager, nu se afla sub influen\u021ba alcoolului. Poli\u021bia a deschis o cauz\u0103 penal\u0103 pentru a stabili circumstan\u021bele accidentului, iar b\u0103rbatul a fost re\u021binut.<\/p>\n<\/div>\n","protected":false},"excerpt":{"rendered":"<div><img loading=\"lazy\" decoding=\"async\" width=\"696\" height=\"448\" src=\"https:\/\/canal5.md\/wp-content\/uploads\/2025\/03\/1608ff4017c1a4ffdf2cb711fd588ebc763804f573e09367f4166138d745d357-1-1024x659-optimized.jpg\" class=\"attachment-large size-large wp-post-image\" alt=\"\" srcset=\"https:\/\/canal5.md\/wp-content\/uploads\/2025\/03\/1608ff4017c1a4ffdf2cb711fd588ebc763804f573e09367f4166138d745d357-1-1024x659-optimized.jpg 1024w, https:\/\/canal5.md\/wp-content\/uploads\/2025\/03\/1608ff4017c1a4ffdf2cb711fd588ebc763804f573e09367f4166138d745d357-1-300x193-optimized.jpg 300w, https:\/\/canal5.md\/wp-content\/uploads\/2025\/03\/1608ff4017c1a4ffdf2cb711fd588ebc763804f573e09367f4166138d745d357-1-768x494-optimized.jpg 768w, https:\/\/canal5.md\/wp-content\/uploads\/2025\/03\/1608ff4017c1a4ffdf2cb711fd588ebc763804f573e09367f4166138d745d357-1-696x448-optimized.jpg 696w, https:\/\/canal5.md\/wp-content\/uploads\/2025\/03\/1608ff4017c1a4ffdf2cb711fd588ebc763804f573e09367f4166138d745d357-1-1068x688-optimized.jpg 1068w, https:\/\/canal5.md\/wp-content\/uploads\/2025\/03\/1608ff4017c1a4ffdf2cb711fd588ebc763804f573e09367f4166138d745d357-1-optimized.jpg 1280w\">Un grav accident a avut loc \u00een aceast\u0103 diminea\u021b\u0103 \u00een satul Baurci, raionul Cead\u00eer-Lunga, soldat cu moartea unei feti\u021be de 10 ani. Un b\u0103rbat de 74 de ani, aflat la volanul unui Renault, a pierdut controlul ma\u0219inii \u0219i a lovit copilul care se \u00eendrepta spre \u0219coal\u0103. Minora a decedat pe loc, iar \u0219oferul, testat cu [\u2026]<\/div>\n","protected":false},"author":1,"featured_media":68886,"comment_status":"closed","ping_status":"closed","sticky":false,"template":"","format":"standard","meta":{"jnews-multi-image_gallery":[],"jnews_single_post":[],"jnews_primary_category":[],"jnews_social_meta":[],"jnews_override_counter":[],"footnotes":""},"categories":[30],"tags":[],"class_list":["post-68885","post","type-post","status-publish","format-standard","has-post-thumbnail","hentry","category-social_ro"],"_links":{"self":[{"href":"https:\/\/orheifm.live\/index.php\/wp-json\/wp\/v2\/posts\/68885","targetHints":{"allow":["GET"]}}],"collection":[{"href":"https:\/\/orheifm.live\/index.php\/wp-json\/wp\/v2\/posts"}],"about":[{"href":"https:\/\/orheifm.live\/index.php\/wp-json\/wp\/v2\/types\/post"}],"author":[{"embeddable":true,"href":"https:\/\/orheifm.live\/index.php\/wp-json\/wp\/v2\/users\/1"}],"replies":[{"embeddable":true,"href":"https:\/\/orheifm.live\/index.php\/wp-json\/wp\/v2\/comments?post=68885"}],"version-history":[{"count":0,"href":"https:\/\/orheifm.live\/index.php\/wp-json\/wp\/v2\/posts\/68885\/revisions"}],"wp:featuredmedia":[{"embeddable":true,"href":"https:\/\/orheifm.live\/index.php\/wp-json\/wp\/v2\/media\/68886"}],"wp:attachment":[{"href":"https:\/\/orheifm.live\/index.php\/wp-json\/wp\/v2\/media?parent=68885"}],"wp:term":[{"taxonomy":"category","embeddable":true,"href":"https:\/\/orheifm.live\/index.php\/wp-json\/wp\/v2\/categories?post=68885"},{"taxonomy":"post_tag","embeddable":true,"href":"https:\/\/orheifm.live\/index.php\/wp-json\/wp\/v2\/tags?post=68885"}],"curies":[{"name":"wp","href":"https:\/\/api.w.org\/{rel}","templated":true}]}}