{"id":68875,"date":"2025-03-12T09:10:18","date_gmt":"2025-03-12T07:10:18","guid":{"rendered":"https:\/\/orheifm.live\/index.php\/2025\/03\/12\/chisinau-temperaturi-intre-117c-si-204c-cer-partial-noros\/"},"modified":"2025-03-12T09:10:18","modified_gmt":"2025-03-12T07:10:18","slug":"chisinau-temperaturi-intre-117c-si-204c-cer-partial-noros","status":"publish","type":"post","link":"https:\/\/orheifm.live\/index.php\/2025\/03\/12\/chisinau-temperaturi-intre-117c-si-204c-cer-partial-noros\/","title":{"rendered":"Chi\u0219in\u0103u: temperaturi \u00eentre 11,7\u00b0C \u0219i 20,4\u00b0C, cer par\u021bial noros"},"content":{"rendered":"<div>\n<p><strong>Conform Serviciului Hidrometeorologic de Stat, Moldova va avea ast\u0103zi o vreme variabil\u0103, altern\u00e2nd \u00eentre perioade \u00eensorite \u0219i cer acoperit, f\u0103r\u0103 precipita\u021bii semnificative.<\/strong><\/p>\n<p data-start=\"194\" data-end=\"439\">La Chi\u0219in\u0103u, temperatura maxim\u0103 va ajunge la 20,4\u00b0C, iar minima s-a \u00eenregistrat la 11,7\u00b0C. Diminea\u021ba, cerul a fost par\u021bial senin, men\u021bin\u00e2ndu-se variabil p\u00e2n\u0103 la pr\u00e2nz. Dup\u0103-amiaza, norii vor fi mai prezen\u021bi, dar \u0219ansele de ploaie r\u0103m\u00e2n reduse.<\/p>\n<\/div>\n","protected":false},"excerpt":{"rendered":"<div><img loading=\"lazy\" decoding=\"async\" width=\"696\" height=\"391\" src=\"https:\/\/canal5.md\/wp-content\/uploads\/2025\/03\/soare-printre-nori-1561352939e2l4rei-1589866333jpkdby4-optimized.jpeg\" class=\"attachment-large size-large wp-post-image\" alt=\"\" srcset=\"https:\/\/canal5.md\/wp-content\/uploads\/2025\/03\/soare-printre-nori-1561352939e2l4rei-1589866333jpkdby4-optimized.jpeg 728w, https:\/\/canal5.md\/wp-content\/uploads\/2025\/03\/soare-printre-nori-1561352939e2l4rei-1589866333jpkdby4-300x169-optimized.jpeg 300w, https:\/\/canal5.md\/wp-content\/uploads\/2025\/03\/soare-printre-nori-1561352939e2l4rei-1589866333jpkdby4-696x391-optimized.jpeg 696w\">Conform Serviciului Hidrometeorologic de Stat, Moldova va avea ast\u0103zi o vreme variabil\u0103, altern\u00e2nd \u00eentre perioade \u00eensorite \u0219i cer acoperit, f\u0103r\u0103 precipita\u021bii semnificative. La Chi\u0219in\u0103u, temperatura maxim\u0103 va ajunge la 20,4\u00b0C, iar minima s-a \u00eenregistrat la 11,7\u00b0C. Diminea\u021ba, cerul a fost par\u021bial senin, men\u021bin\u00e2ndu-se variabil p\u00e2n\u0103 la pr\u00e2nz. Dup\u0103-amiaza, norii vor fi mai prezen\u021bi, dar \u0219ansele [\u2026]<\/div>\n","protected":false},"author":1,"featured_media":68876,"comment_status":"closed","ping_status":"closed","sticky":false,"template":"","format":"standard","meta":{"jnews-multi-image_gallery":[],"jnews_single_post":[],"jnews_primary_category":[],"jnews_social_meta":[],"jnews_override_counter":[],"footnotes":""},"categories":[30],"tags":[],"class_list":["post-68875","post","type-post","status-publish","format-standard","has-post-thumbnail","hentry","category-social_ro"],"_links":{"self":[{"href":"https:\/\/orheifm.live\/index.php\/wp-json\/wp\/v2\/posts\/68875","targetHints":{"allow":["GET"]}}],"collection":[{"href":"https:\/\/orheifm.live\/index.php\/wp-json\/wp\/v2\/posts"}],"about":[{"href":"https:\/\/orheifm.live\/index.php\/wp-json\/wp\/v2\/types\/post"}],"author":[{"embeddable":true,"href":"https:\/\/orheifm.live\/index.php\/wp-json\/wp\/v2\/users\/1"}],"replies":[{"embeddable":true,"href":"https:\/\/orheifm.live\/index.php\/wp-json\/wp\/v2\/comments?post=68875"}],"version-history":[{"count":0,"href":"https:\/\/orheifm.live\/index.php\/wp-json\/wp\/v2\/posts\/68875\/revisions"}],"wp:featuredmedia":[{"embeddable":true,"href":"https:\/\/orheifm.live\/index.php\/wp-json\/wp\/v2\/media\/68876"}],"wp:attachment":[{"href":"https:\/\/orheifm.live\/index.php\/wp-json\/wp\/v2\/media?parent=68875"}],"wp:term":[{"taxonomy":"category","embeddable":true,"href":"https:\/\/orheifm.live\/index.php\/wp-json\/wp\/v2\/categories?post=68875"},{"taxonomy":"post_tag","embeddable":true,"href":"https:\/\/orheifm.live\/index.php\/wp-json\/wp\/v2\/tags?post=68875"}],"curies":[{"name":"wp","href":"https:\/\/api.w.org\/{rel}","templated":true}]}}