{"id":68873,"date":"2025-03-11T23:28:57","date_gmt":"2025-03-11T21:28:57","guid":{"rendered":"https:\/\/orheifm.live\/index.php\/2025\/03\/11\/instanta-l-a-obligat-pe-valeriu-pasa-sa-infirme-dezinformarea-raspandita-despre-valeriu-ostalep\/"},"modified":"2025-03-11T23:28:57","modified_gmt":"2025-03-11T21:28:57","slug":"instanta-l-a-obligat-pe-valeriu-pasa-sa-infirme-dezinformarea-raspandita-despre-valeriu-ostalep","status":"publish","type":"post","link":"https:\/\/orheifm.live\/index.php\/2025\/03\/11\/instanta-l-a-obligat-pe-valeriu-pasa-sa-infirme-dezinformarea-raspandita-despre-valeriu-ostalep\/","title":{"rendered":"Instan\u021ba l-a obligat pe Valeriu Pa\u0219a s\u0103 infirme dezinformarea r\u0103sp\u00e2ndit\u0103 despre Valeriu Ostalep"},"content":{"rendered":"<div>\n<p><strong>Instan\u021ba a admis par\u021bial cererea lui Valeriu Ostalep \u00eempotriva lui Valeriu Pa\u0219a \u0219i a postului Jurnal TV, oblig\u00e2ndu-l pe p\u00e2r\u00e2t s\u0103 infirme public informa\u021biile false difuzate \u00een emisiunea \u201eOra Expertizei\u201d pe 5 aprilie 2021.<\/strong><\/p>\n<p>Conform deciziei instan\u021bei, Pa\u0219a a r\u0103sp\u00e2ndit dezinformare sus\u021bin\u00e2nd c\u0103 Ostalep este proprietarul formal al companiei Argus \u0219i c\u0103 se afl\u0103 \u00een subordinea lui Vladimir Plahotniuc. Acum, Pa\u0219a trebuie s\u0103 infirme oficial aceste afirma\u021bii \u00een direct la Jurnal TV \u0219i pe re\u021belele sociale, precum \u0219i s\u0103 prezinte scuze publice.<\/p>\n<p>Valeriu Ostalep a comentat situa\u021bia pe pagina sa de Facebook:<br \/>\n<em>\u201eEste foarte amuzant c\u00e2nd un \u00abexpert\u00bb \u00een combaterea dezinform\u0103rii este recunoscut de instan\u021b\u0103 ca fiind un r\u0103sp\u00e2nditor de dezinformare. Pe Jurnal TV.\u201d<\/em><\/p>\n<p>Valeriu Pa\u0219a este \u0219eful ONG-ului \u201eComunitatea WatchDog\u201d \u0219i colaborator al Centrului pentru Combaterea Dezinform\u0103rii.<\/p>\n<\/div>\n","protected":false},"excerpt":{"rendered":"<div><img loading=\"lazy\" decoding=\"async\" width=\"696\" height=\"399\" src=\"https:\/\/canal5.md\/wp-content\/uploads\/2025\/03\/482343029_2116727012074913_1123644106114415159_n-1024x587-optimized.jpg\" class=\"attachment-large size-large wp-post-image\" alt=\"\" srcset=\"https:\/\/canal5.md\/wp-content\/uploads\/2025\/03\/482343029_2116727012074913_1123644106114415159_n-1024x587-optimized.jpg 1024w, https:\/\/canal5.md\/wp-content\/uploads\/2025\/03\/482343029_2116727012074913_1123644106114415159_n-300x172-optimized.jpg 300w, https:\/\/canal5.md\/wp-content\/uploads\/2025\/03\/482343029_2116727012074913_1123644106114415159_n-768x440-optimized.jpg 768w, https:\/\/canal5.md\/wp-content\/uploads\/2025\/03\/482343029_2116727012074913_1123644106114415159_n-696x399-optimized.jpg 696w, https:\/\/canal5.md\/wp-content\/uploads\/2025\/03\/482343029_2116727012074913_1123644106114415159_n-1068x612-optimized.jpg 1068w, https:\/\/canal5.md\/wp-content\/uploads\/2025\/03\/482343029_2116727012074913_1123644106114415159_n-optimized.jpg 1280w\">Instan\u021ba a admis par\u021bial cererea lui Valeriu Ostalep \u00eempotriva lui Valeriu Pa\u0219a \u0219i a postului Jurnal TV, oblig\u00e2ndu-l pe p\u00e2r\u00e2t s\u0103 infirme public informa\u021biile false difuzate \u00een emisiunea \u201eOra Expertizei\u201d pe 5 aprilie 2021. Conform deciziei instan\u021bei, Pa\u0219a a r\u0103sp\u00e2ndit dezinformare sus\u021bin\u00e2nd c\u0103 Ostalep este proprietarul formal al companiei Argus \u0219i c\u0103 se afl\u0103 \u00een [\u2026]<\/div>\n","protected":false},"author":1,"featured_media":68874,"comment_status":"closed","ping_status":"closed","sticky":false,"template":"","format":"standard","meta":{"jnews-multi-image_gallery":[],"jnews_single_post":[],"jnews_primary_category":[],"jnews_social_meta":[],"jnews_override_counter":[],"footnotes":""},"categories":[23],"tags":[],"class_list":["post-68873","post","type-post","status-publish","format-standard","has-post-thumbnail","hentry","category-politica_ro"],"_links":{"self":[{"href":"https:\/\/orheifm.live\/index.php\/wp-json\/wp\/v2\/posts\/68873","targetHints":{"allow":["GET"]}}],"collection":[{"href":"https:\/\/orheifm.live\/index.php\/wp-json\/wp\/v2\/posts"}],"about":[{"href":"https:\/\/orheifm.live\/index.php\/wp-json\/wp\/v2\/types\/post"}],"author":[{"embeddable":true,"href":"https:\/\/orheifm.live\/index.php\/wp-json\/wp\/v2\/users\/1"}],"replies":[{"embeddable":true,"href":"https:\/\/orheifm.live\/index.php\/wp-json\/wp\/v2\/comments?post=68873"}],"version-history":[{"count":0,"href":"https:\/\/orheifm.live\/index.php\/wp-json\/wp\/v2\/posts\/68873\/revisions"}],"wp:featuredmedia":[{"embeddable":true,"href":"https:\/\/orheifm.live\/index.php\/wp-json\/wp\/v2\/media\/68874"}],"wp:attachment":[{"href":"https:\/\/orheifm.live\/index.php\/wp-json\/wp\/v2\/media?parent=68873"}],"wp:term":[{"taxonomy":"category","embeddable":true,"href":"https:\/\/orheifm.live\/index.php\/wp-json\/wp\/v2\/categories?post=68873"},{"taxonomy":"post_tag","embeddable":true,"href":"https:\/\/orheifm.live\/index.php\/wp-json\/wp\/v2\/tags?post=68873"}],"curies":[{"name":"wp","href":"https:\/\/api.w.org\/{rel}","templated":true}]}}