{"id":68869,"date":"2025-03-11T22:58:17","date_gmt":"2025-03-11T20:58:17","guid":{"rendered":"https:\/\/orheifm.live\/index.php\/2025\/03\/11\/calin-georgescu-revine-cu-un-nou-mesaj-in-trei-limbi-in-care-ameninta-va-asigur-ca-lucrurile-nu-vor-ramane-asa\/"},"modified":"2025-03-11T22:58:17","modified_gmt":"2025-03-11T20:58:17","slug":"calin-georgescu-revine-cu-un-nou-mesaj-in-trei-limbi-in-care-ameninta-va-asigur-ca-lucrurile-nu-vor-ramane-asa","status":"publish","type":"post","link":"https:\/\/orheifm.live\/index.php\/2025\/03\/11\/calin-georgescu-revine-cu-un-nou-mesaj-in-trei-limbi-in-care-ameninta-va-asigur-ca-lucrurile-nu-vor-ramane-asa\/","title":{"rendered":"C\u0103lin Georgescu revine cu un nou mesaj, \u00een trei limbi, \u00een care amenin\u021b\u0103: \u201eV\u0103 asigur c\u0103 lucrurile nu vor r\u0103m\u00e2ne a\u0219a!\u201d"},"content":{"rendered":"<div>\n<p>C\u0103lin Georgescu, fost candidat la alegerile preziden\u021biale din Rom\u00e2nia, a reac\u021bionat dur mar\u021bi sear\u0103 dup\u0103 ce Curtea Constitu\u021bional\u0103 i-a respins candidatura. \u00centr-un mesaj publicat pe re\u021belele de socializare, Georgescu a acuzat influen\u021be externe \u0219i o \u201edictatur\u0103\u201d care ar controla at\u00e2t Rom\u00e2nia, c\u00e2t \u0219i Europa, sus\u021bin\u00e2nd c\u0103 \u021bara noastr\u0103 a devenit \u201eo colonie\u201d.<\/p>\n<p>\u00cen postarea sa, Georgescu a afirmat c\u0103 \u201e\u00een timp ce America devine m\u0103rea\u021b\u0103 din nou, Europa \u0219i Rom\u00e2nia \u2013 aflate sub dictatur\u0103, au devenit m\u0103runte \u0219i corupte\u201d, ad\u0103ug\u00e2nd c\u0103 \u201elucrurile nu vor r\u0103m\u00e2ne a\u0219a\u201d. Acesta a subliniat c\u0103 indiferen\u021ba partenerilor interna\u021bionali se va pl\u0103ti cu \u201esufletul poporului nostru zdrobit\u201d, \u00eens\u0103 a promis c\u0103 \u201er\u0103ul sistemului nu va \u00eenvinge\u201d.<\/p>\n<p>Mesajul s\u0103u a fost redactat \u00een trei limbi: rom\u00e2n\u0103, francez\u0103 \u0219i englez\u0103. \u00cen limba rom\u00e2n\u0103, C\u0103lin Georgescu a scris: \u201e11 martie 2025 \u2013 Azi, st\u0103p\u00e2nii au decis: f\u0103r\u0103 egalitate, f\u0103r\u0103 libertate, f\u0103r\u0103 fraternitate pentru rom\u00e2ni. Tr\u0103iasc\u0103 Fran\u021ba \u0219i Bruxelles-ul, tr\u0103iasc\u0103 colonia lor numit\u0103 Rom\u00e2nia!\u201d<\/p>\n<p>De asemenea, acesta a reiterat mesajul \u00een francez\u0103, \u00een care a spus: \u201eAst\u0103zi, st\u0103p\u00e2nii au decis: f\u0103r\u0103 egalitate, f\u0103r\u0103 libertate, f\u0103r\u0103 fraternitate pentru rom\u00e2ni. Tr\u0103iasc\u0103 Fran\u021ba \u0219i Bruxelles-ul, tr\u0103iasc\u0103 colonia lor numit\u0103 Rom\u00e2nia!\u201d \u00cen englez\u0103, el a declarat: \u201eWhile America is becoming great again, Europe and Romania have become petty, corrupt, and under dictatorship. Our indifference, along with that of our partners, will be paid for with the broken soul of our people!\u201d<\/p>\n<p>Aceste afirma\u021bii vin \u00een contextul \u00een care pre\u0219edintele Fran\u021bei, Emmanuel Macron, a comentat recent anularea alegerilor preziden\u021biale din Rom\u00e2nia, consider\u00e2nd decizia Cur\u021bii Constitu\u021bionale drept \u201einedit\u0103\u201d \u0219i \u201efoarte grav\u0103\u201d. Macron a subliniat c\u0103 instan\u021ba suprem\u0103 a identificat manipularea alegerilor de c\u0103tre Rusia, prin utilizarea de conturi false \u0219i influen\u021barea voturilor prin intermediul re\u021belelor sociale.<\/p>\n<p>\u00cen aceea\u0219i zi, Curtea Constitu\u021bional\u0103 a respins contesta\u021bia lui Georgescu, men\u021bin\u00e2nd decizia Biroului Electoral Central de invalidare a candidaturii sale pentru alegerile preziden\u021biale din mai.<\/p>\n<\/div>\n","protected":false},"excerpt":{"rendered":"<div><img loading=\"lazy\" decoding=\"async\" width=\"696\" height=\"464\" src=\"https:\/\/canal5.md\/wp-content\/uploads\/2025\/03\/calin-georgescu-5-1024x683-optimized.webp\" class=\"attachment-large size-large wp-post-image\" alt=\"\" srcset=\"https:\/\/canal5.md\/wp-content\/uploads\/2025\/03\/calin-georgescu-5-1024x683-optimized.webp 1024w, https:\/\/canal5.md\/wp-content\/uploads\/2025\/03\/calin-georgescu-5-300x200-optimized.webp 300w, https:\/\/canal5.md\/wp-content\/uploads\/2025\/03\/calin-georgescu-5-768x512-optimized.webp 768w, https:\/\/canal5.md\/wp-content\/uploads\/2025\/03\/calin-georgescu-5-1536x1024-optimized.webp 1536w, https:\/\/canal5.md\/wp-content\/uploads\/2025\/03\/calin-georgescu-5-2048x1365-optimized.webp 2048w, https:\/\/canal5.md\/wp-content\/uploads\/2025\/03\/calin-georgescu-5-696x464-optimized.webp 696w, https:\/\/canal5.md\/wp-content\/uploads\/2025\/03\/calin-georgescu-5-1068x712-optimized.webp 1068w, https:\/\/canal5.md\/wp-content\/uploads\/2025\/03\/calin-georgescu-5-1920x1280-optimized.webp 1920w\">C\u0103lin Georgescu, fost candidat la alegerile preziden\u021biale din Rom\u00e2nia, a reac\u021bionat dur mar\u021bi sear\u0103 dup\u0103 ce Curtea Constitu\u021bional\u0103 i-a respins candidatura. \u00centr-un mesaj publicat pe re\u021belele de socializare, Georgescu a acuzat influen\u021be externe \u0219i o \u201edictatur\u0103\u201d care ar controla at\u00e2t Rom\u00e2nia, c\u00e2t \u0219i Europa, sus\u021bin\u00e2nd c\u0103 \u021bara noastr\u0103 a devenit \u201eo colonie\u201d. \u00cen postarea sa, [\u2026]<\/div>\n","protected":false},"author":1,"featured_media":68870,"comment_status":"closed","ping_status":"closed","sticky":false,"template":"","format":"standard","meta":{"jnews-multi-image_gallery":[],"jnews_single_post":[],"jnews_primary_category":[],"jnews_social_meta":[],"jnews_override_counter":[],"footnotes":""},"categories":[29],"tags":[],"class_list":["post-68869","post","type-post","status-publish","format-standard","has-post-thumbnail","hentry","category-externe_ro"],"_links":{"self":[{"href":"https:\/\/orheifm.live\/index.php\/wp-json\/wp\/v2\/posts\/68869","targetHints":{"allow":["GET"]}}],"collection":[{"href":"https:\/\/orheifm.live\/index.php\/wp-json\/wp\/v2\/posts"}],"about":[{"href":"https:\/\/orheifm.live\/index.php\/wp-json\/wp\/v2\/types\/post"}],"author":[{"embeddable":true,"href":"https:\/\/orheifm.live\/index.php\/wp-json\/wp\/v2\/users\/1"}],"replies":[{"embeddable":true,"href":"https:\/\/orheifm.live\/index.php\/wp-json\/wp\/v2\/comments?post=68869"}],"version-history":[{"count":0,"href":"https:\/\/orheifm.live\/index.php\/wp-json\/wp\/v2\/posts\/68869\/revisions"}],"wp:featuredmedia":[{"embeddable":true,"href":"https:\/\/orheifm.live\/index.php\/wp-json\/wp\/v2\/media\/68870"}],"wp:attachment":[{"href":"https:\/\/orheifm.live\/index.php\/wp-json\/wp\/v2\/media?parent=68869"}],"wp:term":[{"taxonomy":"category","embeddable":true,"href":"https:\/\/orheifm.live\/index.php\/wp-json\/wp\/v2\/categories?post=68869"},{"taxonomy":"post_tag","embeddable":true,"href":"https:\/\/orheifm.live\/index.php\/wp-json\/wp\/v2\/tags?post=68869"}],"curies":[{"name":"wp","href":"https:\/\/api.w.org\/{rel}","templated":true}]}}