{"id":68866,"date":"2025-03-11T22:27:13","date_gmt":"2025-03-11T20:27:13","guid":{"rendered":"https:\/\/orheifm.live\/index.php\/2025\/03\/11\/franta-trage-cu-dintii-sa-isi-puna-presedintele-in-romania-chiar-daca-calca-in-picioare-vointa-romanilor-duminica-protest-masiv-la-ambasada-frantei\/"},"modified":"2025-03-11T22:27:13","modified_gmt":"2025-03-11T20:27:13","slug":"franta-trage-cu-dintii-sa-isi-puna-presedintele-in-romania-chiar-daca-calca-in-picioare-vointa-romanilor-duminica-protest-masiv-la-ambasada-frantei","status":"publish","type":"post","link":"https:\/\/orheifm.live\/index.php\/2025\/03\/11\/franta-trage-cu-dintii-sa-isi-puna-presedintele-in-romania-chiar-daca-calca-in-picioare-vointa-romanilor-duminica-protest-masiv-la-ambasada-frantei\/","title":{"rendered":"Fran\u021ba trage cu din\u021bii s\u0103 \u00ee\u0219i pun\u0103 pre\u0219edintele \u00een Rom\u00e2nia, chiar dac\u0103 calc\u0103 \u00een picioare voin\u021ba rom\u00e2nilor. Duminic\u0103 PROTEST MASIV la Ambasada Fran\u021bei"},"content":{"rendered":"<div>\n<div class=\"l-shared-sec-outer show-mobile\">\n<div class=\"l-shared-sec\">\n<div class=\"l-shared-items effect-fadeout is-color\"><strong>Alegerile preziden\u021biale din Rom\u00e2nia par s\u0103 fie tot mai pu\u021bin despre voin\u021ba poporului \u0219i tot mai mult despre interesele externe. Fran\u021ba, un juc\u0103tor important pe scena european\u0103, pare hot\u0103r\u00e2t\u0103 s\u0103 \u00ee\u0219i impun\u0103 candidatul favorit, indiferent de voin\u021ba rom\u00e2nilor. Tactica? Sprijin total pentru un om de sistem, promovat agresiv \u00een media \u0219i protejat de structurile puterii.<\/strong><\/div>\n<\/div>\n<\/div>\n<div class=\"e-ct-outer\">\n<div class=\"entry-content rbct clearfix is-highlight-shares\">\n<p>Nu mai vorbim despre alegeri libere, ci despre o opera\u021biune de preluare a puterii, orchestrat cu metode care ar face invidios orice regim autoritar. Dac\u0103 un candidat devine incomod, este eliminat prin decizii birocratice, nu prin vot. \u00cen acest joc, rom\u00e2nii sunt doar spectatori, iar rezultatul este preg\u0103tit dinainte \u00een cancelariile occidentale.<\/p>\n<p>\u00cen loc s\u0103 sus\u021bin\u0103 democra\u021bia \u0219i dreptul rom\u00e2nilor de a-\u0219i alege liderul, Fran\u021ba ac\u021bioneaz\u0103 exact invers: preseaz\u0103, influen\u021beaz\u0103 \u0219i for\u021beaz\u0103 lucrurile pentru a ob\u021bine un pre\u0219edinte care s\u0103 le serveasc\u0103 interesele.<\/p>\n<p>Dac\u0103 acest model continu\u0103, Rom\u00e2nia risc\u0103 s\u0103 devin\u0103 doar o colonie obedient\u0103, f\u0103r\u0103 suveranitate real\u0103. Votul poporului rom\u00e2n trebuie s\u0103 decid\u0103 viitorul \u021b\u0103rii, nu directivele venite din afar\u0103!<\/p>\n<p>Rom\u00e2nii sunt revolta\u021bi de aceste ingerin\u021be \u00een alegerile din \u021bara noastr\u0103 \u0219i anun\u021b\u0103 c\u0103 vor protesta Duminic\u0103, 16 Martie, la Ambasada Fran\u021bei din Bucure\u0219ti, cer\u00e2nd expulzarea ambasadorului francez \u0219i avertizarea lui Macron de a nu se mai implica peste votul rom\u00e2nilor!<\/p>\n<p><a href=\"https:\/\/ortodoxinfo.ro\/2025\/03\/11\/franta-trage-cu-dintii-sa-isi-puna-presedintele-in-romania-chiar-daca-calca-in-picioare-vointa-romanilor-duminica-protest-masiv-la-ambasada-frantei\/\">SURSA<\/a><\/p>\n<\/div>\n<\/div>\n<\/div>\n","protected":false},"excerpt":{"rendered":"<div><img loading=\"lazy\" decoding=\"async\" width=\"696\" height=\"464\" src=\"https:\/\/canal5.md\/wp-content\/uploads\/2025\/03\/macron-optimized.webp.webp\" class=\"attachment-large size-large wp-post-image\" alt=\"\" srcset=\"https:\/\/canal5.md\/wp-content\/uploads\/2025\/03\/macron-optimized.webp.webp 800w, https:\/\/canal5.md\/wp-content\/uploads\/2025\/03\/macron-optimized.webp-300x200.webp 300w, https:\/\/canal5.md\/wp-content\/uploads\/2025\/03\/macron-optimized.webp-768x512.webp 768w, https:\/\/canal5.md\/wp-content\/uploads\/2025\/03\/macron-optimized.webp-696x464.webp 696w\">Alegerile preziden\u021biale din Rom\u00e2nia par s\u0103 fie tot mai pu\u021bin despre voin\u021ba poporului \u0219i tot mai mult despre interesele externe. Fran\u021ba, un juc\u0103tor important pe scena european\u0103, pare hot\u0103r\u00e2t\u0103 s\u0103 \u00ee\u0219i impun\u0103 candidatul favorit, indiferent de voin\u021ba rom\u00e2nilor. Tactica? Sprijin total pentru un om de sistem, promovat agresiv \u00een media \u0219i protejat de structurile puterii. [\u2026]<\/div>\n","protected":false},"author":1,"featured_media":0,"comment_status":"closed","ping_status":"closed","sticky":false,"template":"","format":"standard","meta":{"jnews-multi-image_gallery":[],"jnews_single_post":[],"jnews_primary_category":[],"jnews_social_meta":[],"jnews_override_counter":[],"footnotes":""},"categories":[29],"tags":[],"class_list":["post-68866","post","type-post","status-publish","format-standard","hentry","category-externe_ro"],"_links":{"self":[{"href":"https:\/\/orheifm.live\/index.php\/wp-json\/wp\/v2\/posts\/68866","targetHints":{"allow":["GET"]}}],"collection":[{"href":"https:\/\/orheifm.live\/index.php\/wp-json\/wp\/v2\/posts"}],"about":[{"href":"https:\/\/orheifm.live\/index.php\/wp-json\/wp\/v2\/types\/post"}],"author":[{"embeddable":true,"href":"https:\/\/orheifm.live\/index.php\/wp-json\/wp\/v2\/users\/1"}],"replies":[{"embeddable":true,"href":"https:\/\/orheifm.live\/index.php\/wp-json\/wp\/v2\/comments?post=68866"}],"version-history":[{"count":0,"href":"https:\/\/orheifm.live\/index.php\/wp-json\/wp\/v2\/posts\/68866\/revisions"}],"wp:attachment":[{"href":"https:\/\/orheifm.live\/index.php\/wp-json\/wp\/v2\/media?parent=68866"}],"wp:term":[{"taxonomy":"category","embeddable":true,"href":"https:\/\/orheifm.live\/index.php\/wp-json\/wp\/v2\/categories?post=68866"},{"taxonomy":"post_tag","embeddable":true,"href":"https:\/\/orheifm.live\/index.php\/wp-json\/wp\/v2\/tags?post=68866"}],"curies":[{"name":"wp","href":"https:\/\/api.w.org\/{rel}","templated":true}]}}