{"id":68862,"date":"2025-03-11T22:00:06","date_gmt":"2025-03-11T20:00:06","guid":{"rendered":"https:\/\/orheifm.live\/index.php\/2025\/03\/11\/daruieste-o-viata-locuitorii-capitalei-sunt-indemnati-sa-doneze-sange\/"},"modified":"2025-03-11T22:00:06","modified_gmt":"2025-03-11T20:00:06","slug":"daruieste-o-viata-locuitorii-capitalei-sunt-indemnati-sa-doneze-sange","status":"publish","type":"post","link":"https:\/\/orheifm.live\/index.php\/2025\/03\/11\/daruieste-o-viata-locuitorii-capitalei-sunt-indemnati-sa-doneze-sange\/","title":{"rendered":"D\u0103ruie\u0219te o via\u021b\u0103! Locuitorii Capitalei sunt \u00eendemna\u021bi s\u0103 doneze s\u00e2nge"},"content":{"rendered":"<div>\n<p>Prim\u0103ria Chi\u0219in\u0103u anun\u021b\u0103 o nou\u0103 ac\u021biune de donare voluntar\u0103 de s\u00e2nge, miercuri, 12 martie curent. Doritorii pot dona \u00eentre orele 09:00 \u0219i 15:30, \u00een incinta Centrului Medicilor de Familie Nr. 5, de pe strada Ion Luca Caragiale, 1.<\/p>\n<p>Doneaz\u0103 s\u00e2nge \u2013 d\u0103ruie\u0219te o via\u021b\u0103\u201d este sloganul evenimentului organizat de Prim\u0103ria Chi\u0219in\u0103u, \u00een parteneriat cu Centrul Na\u021bional de Transfuzie a S\u00e2ngelui \u0219i IMSP Asocia\u021bia Medical\u0103 Teritorial\u0103 Buiucani.<\/p>\n<div class=\"margin-auto\">\n<div id=\"admixer-hb-216-637568592982450705\"><\/div>\n<\/div>\n<p>\u201ePot dona s\u00e2nge doar persoanele cu v\u00e2rsta cuprins\u0103 \u00eentre 18 \u0219i 60 de ani, f\u0103r\u0103 boli cronice sau infec\u021bioase. Transform\u0103-\u021bi s\u00e2ngele \u00een speran\u021b\u0103. Doneaz\u0103 acum!\u201d se men\u021bioneaz\u0103 \u00eentr-un comunicat de pres\u0103 al Prim\u0103riei.<\/p>\n<p>Potrivit speciali\u0219tilor, este recomandat s\u0103 lua\u021bi micul dejun, s\u0103 consuma\u021bi multe lichide \u0219i s\u0103 evita\u021bi alimentele grase cu 48 de ore \u00eenainte, precum \u0219i alcoolul cu 72 de ore \u00eenainte de donare.<\/p>\n<\/div>\n","protected":false},"excerpt":{"rendered":"<div><img loading=\"lazy\" decoding=\"async\" width=\"696\" height=\"391\" src=\"https:\/\/canal5.md\/wp-content\/uploads\/2025\/03\/donare-sange-900x505-1-optimized.png\" class=\"attachment-large size-large wp-post-image\" alt=\"\" srcset=\"https:\/\/canal5.md\/wp-content\/uploads\/2025\/03\/donare-sange-900x505-1-optimized.png 900w, https:\/\/canal5.md\/wp-content\/uploads\/2025\/03\/donare-sange-900x505-1-300x168-optimized.png 300w, https:\/\/canal5.md\/wp-content\/uploads\/2025\/03\/donare-sange-900x505-1-768x431-optimized.png 768w, https:\/\/canal5.md\/wp-content\/uploads\/2025\/03\/donare-sange-900x505-1-696x391-optimized.png 696w\">Prim\u0103ria Chi\u0219in\u0103u anun\u021b\u0103 o nou\u0103 ac\u021biune de donare voluntar\u0103 de s\u00e2nge, miercuri, 12 martie curent. Doritorii pot dona \u00eentre orele 09:00 \u0219i 15:30, \u00een incinta Centrului Medicilor de Familie Nr. 5, de pe strada Ion Luca Caragiale, 1. Doneaz\u0103 s\u00e2nge \u2013 d\u0103ruie\u0219te o via\u021b\u0103\u201d este sloganul evenimentului organizat de Prim\u0103ria Chi\u0219in\u0103u, \u00een parteneriat cu Centrul [\u2026]<\/div>\n","protected":false},"author":1,"featured_media":68863,"comment_status":"closed","ping_status":"closed","sticky":false,"template":"","format":"standard","meta":{"jnews-multi-image_gallery":[],"jnews_single_post":[],"jnews_primary_category":[],"jnews_social_meta":[],"jnews_override_counter":[],"footnotes":""},"categories":[23],"tags":[],"class_list":["post-68862","post","type-post","status-publish","format-standard","has-post-thumbnail","hentry","category-politica_ro"],"_links":{"self":[{"href":"https:\/\/orheifm.live\/index.php\/wp-json\/wp\/v2\/posts\/68862","targetHints":{"allow":["GET"]}}],"collection":[{"href":"https:\/\/orheifm.live\/index.php\/wp-json\/wp\/v2\/posts"}],"about":[{"href":"https:\/\/orheifm.live\/index.php\/wp-json\/wp\/v2\/types\/post"}],"author":[{"embeddable":true,"href":"https:\/\/orheifm.live\/index.php\/wp-json\/wp\/v2\/users\/1"}],"replies":[{"embeddable":true,"href":"https:\/\/orheifm.live\/index.php\/wp-json\/wp\/v2\/comments?post=68862"}],"version-history":[{"count":0,"href":"https:\/\/orheifm.live\/index.php\/wp-json\/wp\/v2\/posts\/68862\/revisions"}],"wp:featuredmedia":[{"embeddable":true,"href":"https:\/\/orheifm.live\/index.php\/wp-json\/wp\/v2\/media\/68863"}],"wp:attachment":[{"href":"https:\/\/orheifm.live\/index.php\/wp-json\/wp\/v2\/media?parent=68862"}],"wp:term":[{"taxonomy":"category","embeddable":true,"href":"https:\/\/orheifm.live\/index.php\/wp-json\/wp\/v2\/categories?post=68862"},{"taxonomy":"post_tag","embeddable":true,"href":"https:\/\/orheifm.live\/index.php\/wp-json\/wp\/v2\/tags?post=68862"}],"curies":[{"name":"wp","href":"https:\/\/api.w.org\/{rel}","templated":true}]}}