{"id":68860,"date":"2025-03-11T21:50:30","date_gmt":"2025-03-11T19:50:30","guid":{"rendered":"https:\/\/orheifm.live\/index.php\/2025\/03\/11\/atentie-consumatori-faceti-rezerve-de-apa-se-anunta-sistari-pe-o-strada-din-capitala-si-in-satul-hulboaca-maine\/"},"modified":"2025-03-11T21:50:30","modified_gmt":"2025-03-11T19:50:30","slug":"atentie-consumatori-faceti-rezerve-de-apa-se-anunta-sistari-pe-o-strada-din-capitala-si-in-satul-hulboaca-maine","status":"publish","type":"post","link":"https:\/\/orheifm.live\/index.php\/2025\/03\/11\/atentie-consumatori-faceti-rezerve-de-apa-se-anunta-sistari-pe-o-strada-din-capitala-si-in-satul-hulboaca-maine\/","title":{"rendered":"Aten\u021bie, consumatori, face\u021bi rezerve de ap\u0103: Se anun\u021b\u0103 sist\u0103ri pe o strad\u0103 din capital\u0103 \u0219i \u00een satul Hulboaca, m\u00e2ine"},"content":{"rendered":"<div>\n<p><strong>Locuitorii de pe o strada din capital\u0103, dar \u0219i dintr-o suburbie r\u0103m\u00e2n m\u00e2ine, 12 martie, f\u0103r\u0103 ap\u0103 potabil\u0103 la robinete, anun\u021b\u0103 Ap\u0103 Canal Chi\u0219in\u0103u. Sist\u0103rile au loc \u00een leg\u0103tur\u0103 cu executarea lucr\u0103rilor planificate.<\/strong><\/p>\n<p>\u201eAstfel, \u00een intervalul 09:00 \u2013 15:00, miercuri, 12 martie 2025, f\u0103r\u0103 ap\u0103 vor fi consumatorii din strada M. Sadoveanu, 17.<\/p>\n<p>Sist\u0103rile au loc \u00een leg\u0103tur\u0103 cu executarea unor lucr\u0103ri de \u00eenlocuire a robinetelor \u015fi apometrelor de c\u0103tre S.A. \u201eAp\u0103-Canal Chi\u015fin\u0103u\u201d.<\/p>\n<p>De asemenea, \u00een intervalul 09:00 \u2013 20:00, miercuri, 12 martie 2025, f\u0103r\u0103 ap\u0103 vor fi consumatorii din \u00a0satul Hulboaca\u201d, se arat\u0103 \u00eentr-un comunicat.<\/p>\n<p>\u201eNe cerem scuze fa\u0163\u0103 de consumatorii care vor fi afecta\u0163i de lipsa apei potabile \u015fi \u00eei asigur\u0103m c\u0103 echipele care execut\u0103 lucr\u0103rile vor face tot posibilul pentru finalizarea interven\u0163iilor \u015fi reluarea furniz\u0103rii apei potabile \u00een cel mai scurt timp. Totodat\u0103, rug\u0103m to\u0163i consumatorii afecta\u0163i de aceast\u0103 oprire s\u0103-\u015fi asigure rezerva minim\u0103 de ap\u0103 pentru consum \u015fi uz casnic pe perioada \u00eentreruperii furniz\u0103rii apei\u201d, men\u021bioneaz\u0103 reprezentan\u021bii Ap\u0103-Canal.<\/p>\n<\/div>\n","protected":false},"excerpt":{"rendered":"<div><img loading=\"lazy\" decoding=\"async\" width=\"696\" height=\"391\" src=\"https:\/\/canal5.md\/wp-content\/uploads\/2025\/02\/apa30iunie-900x505-1-optimized.png\" class=\"attachment-large size-large wp-post-image\" alt=\"\" srcset=\"https:\/\/canal5.md\/wp-content\/uploads\/2025\/02\/apa30iunie-900x505-1-optimized.png 900w, https:\/\/canal5.md\/wp-content\/uploads\/2025\/02\/apa30iunie-900x505-1-300x168-optimized.png 300w, https:\/\/canal5.md\/wp-content\/uploads\/2025\/02\/apa30iunie-900x505-1-768x431-optimized.png 768w, https:\/\/canal5.md\/wp-content\/uploads\/2025\/02\/apa30iunie-900x505-1-696x391-optimized.png 696w\">Locuitorii de pe o strada din capital\u0103, dar \u0219i dintr-o suburbie r\u0103m\u00e2n m\u00e2ine, 12 martie, f\u0103r\u0103 ap\u0103 potabil\u0103 la robinete, anun\u021b\u0103 Ap\u0103 Canal Chi\u0219in\u0103u. Sist\u0103rile au loc \u00een leg\u0103tur\u0103 cu executarea lucr\u0103rilor planificate. \u201eAstfel, \u00een intervalul 09:00 \u2013 15:00, miercuri, 12 martie 2025, f\u0103r\u0103 ap\u0103 vor fi consumatorii din strada M. Sadoveanu, 17. Sist\u0103rile au [\u2026]<\/div>\n","protected":false},"author":1,"featured_media":68861,"comment_status":"closed","ping_status":"closed","sticky":false,"template":"","format":"standard","meta":{"jnews-multi-image_gallery":[],"jnews_single_post":[],"jnews_primary_category":[],"jnews_social_meta":[],"jnews_override_counter":[],"footnotes":""},"categories":[30],"tags":[],"class_list":["post-68860","post","type-post","status-publish","format-standard","has-post-thumbnail","hentry","category-social_ro"],"_links":{"self":[{"href":"https:\/\/orheifm.live\/index.php\/wp-json\/wp\/v2\/posts\/68860","targetHints":{"allow":["GET"]}}],"collection":[{"href":"https:\/\/orheifm.live\/index.php\/wp-json\/wp\/v2\/posts"}],"about":[{"href":"https:\/\/orheifm.live\/index.php\/wp-json\/wp\/v2\/types\/post"}],"author":[{"embeddable":true,"href":"https:\/\/orheifm.live\/index.php\/wp-json\/wp\/v2\/users\/1"}],"replies":[{"embeddable":true,"href":"https:\/\/orheifm.live\/index.php\/wp-json\/wp\/v2\/comments?post=68860"}],"version-history":[{"count":0,"href":"https:\/\/orheifm.live\/index.php\/wp-json\/wp\/v2\/posts\/68860\/revisions"}],"wp:featuredmedia":[{"embeddable":true,"href":"https:\/\/orheifm.live\/index.php\/wp-json\/wp\/v2\/media\/68861"}],"wp:attachment":[{"href":"https:\/\/orheifm.live\/index.php\/wp-json\/wp\/v2\/media?parent=68860"}],"wp:term":[{"taxonomy":"category","embeddable":true,"href":"https:\/\/orheifm.live\/index.php\/wp-json\/wp\/v2\/categories?post=68860"},{"taxonomy":"post_tag","embeddable":true,"href":"https:\/\/orheifm.live\/index.php\/wp-json\/wp\/v2\/tags?post=68860"}],"curies":[{"name":"wp","href":"https:\/\/api.w.org\/{rel}","templated":true}]}}