{"id":68856,"date":"2025-03-11T21:29:32","date_gmt":"2025-03-11T19:29:32","guid":{"rendered":"https:\/\/orheifm.live\/index.php\/2025\/03\/11\/primele-miscari-reale-catre-pace-cum-au-decurs-negocierile-intre-sua-si-ucraina-video\/"},"modified":"2025-03-11T21:29:32","modified_gmt":"2025-03-11T19:29:32","slug":"primele-miscari-reale-catre-pace-cum-au-decurs-negocierile-intre-sua-si-ucraina-video","status":"publish","type":"post","link":"https:\/\/orheifm.live\/index.php\/2025\/03\/11\/primele-miscari-reale-catre-pace-cum-au-decurs-negocierile-intre-sua-si-ucraina-video\/","title":{"rendered":"Primele mi\u0219c\u0103ri reale c\u0103tre pace? Cum au decurs negocierile \u00eentre SUA \u0219i Ucraina |VIDEO"},"content":{"rendered":"<div>\n<p><strong><br \/>\n\u00cen Arabia Saudit\u0103 au AVUT LOC negocierile dintre reprezentan\u021bii Statelor Unite \u0219i Ucraina, organizate cu scopul de a g\u0103si solu\u021bii pentru \u00eencheierea r\u0103zboiului. Aceasta este prima \u00eent\u00e2lnire oficial\u0103 \u00eentre Kiev \u0219i Washington dup\u0103 disputa dintre Donald Trump \u0219i Volodimir Zelenschi la Casa Alb\u0103. <\/strong><br \/>\n<iframe loading=\"lazy\" title=\"YouTube video player\" src=\"https:\/\/www.youtube.com\/embed\/oKO0EnZoW5A?si=fW1ibq7QJj-m3NDU\" width=\"560\" height=\"315\" frameborder=\"0\" allowfullscreen=\"allowfullscreen\"><\/iframe><br \/>\nCu o zi \u00eenainte, pre\u0219edintele Ucrainei a ajuns \u0219i el \u00een Arabia Saudit\u0103, declar\u00e2nd c\u0103 sper\u0103 la rezultate favorabile ale \u00eent\u00e2lnirii, \u201eat\u00e2t \u00een ceea ce prive\u0219te apropierea p\u0103cii, c\u00e2t \u0219i \u00een ceea ce prive\u0219te sus\u021binerea ulterioar\u0103\u201d din partea Washingtonului. cu toate acestea, el nu particip\u0103 la negocieri. \u201eSper\u0103m la rezultate practice\u201d, a scris Zelenski pe re\u021beaua social\u0103 X, luni seara. \u201ePozi\u021bia Ucrainei \u00een aceste negocieri va fi c\u00e2t mai constructiv\u0103 posibil\u201d.<\/p>\n<p>Negocierile de la Jeddah au \u00eenceput mai t\u00e2rziu dec\u00e2t fusese stabilit ini\u021bial, pe motiv c\u0103 delega\u021bia american\u0103 a \u00eent\u00e2rziat. Ucraina este reprezentat\u0103 de \u0219eful biroului pre\u0219edintelui, Andrii Ermak, vicepre\u0219edintele biroului, Pavlo Palisa, ministrul de externe al Ucrainei, Andrii Sibiga, \u0219i ministrul ap\u0103r\u0103rii, Rustem Umerov.<\/p>\n<p>Din partea american\u0103, la \u00eent\u00e2lnire particip\u0103 acelea\u0219i persoane care, \u00een luna februarie, s-au \u00eent\u00e2lnit la Riad cu reprezentan\u021bii Rusiei \u2013 secretarul de stat al SUA, Marco Rubio, consilierul pentru securitate na\u021bional\u0103 al lui Donald Trump, Mike Waltz, \u0219i trimisul special al Casei Albe pentru Orientul Mijlociu, Steve Witkoff.<\/p>\n<p>Cu o zi \u00eenainte de \u00eent\u00e2lnire, Steve Witkoff a declarat pentru Reuters c\u0103, la Jeddah, reprezentan\u021bii \u021b\u0103rilor vor discuta bazele unui acord pentru solu\u021bionarea conflictului \u0219i un posibil armisti\u021biu cu Rusia. Secretarul de stat Marco Rubio a men\u021bionat c\u0103 Ucraina va trebui s\u0103 fac\u0103 concesii teritoriale \u00een cadrul unui eventual acord pentru \u00eencheierea r\u0103zboiului.<\/p>\n<p>\u00cen acela\u0219i timp, potrivit Bloomberg, Rubio a exclus un progres semnificativ la \u00eent\u00e2lnirea cu delega\u021bia ucrainean\u0103. Se a\u0219teapt\u0103 ca, dup\u0103 negocierile de la Jeddah, trimisul special al pre\u0219edintelui american pentru Orientul Mijlociu s\u0103 viziteze Moscova pentru o \u00eent\u00e2lnire cu Vladimir Putin.<\/p>\n<p>Potrivit Bloomberg, care citeaz\u0103 surse credibile, vizita ar putea avea loc pe 13 martie. Negocierile de la Jeddah au fost precedate de multe evenimente. Zelenschi, printr- o scrisoare, i-a cerut scuze lui Trump pentru comportamentul s\u0103u de la Casa Alb\u0103.<\/p>\n<p>Consilierul premierului britanic pentru securitate na\u021bional\u0103, Jonathan Powell, a fost la Kiev pentru a-l instrui pe Zelenski \u00eenainte de c\u0103l\u0103toria \u00een Arabia Saudit\u0103. Totu\u0219i, afl\u00e2ndu-se \u00een aceea\u0219i zi la Jeddah, Zelenschi nu a participat la negocieri. Potrivit p\u0103r\u021bii americane, componen\u021ba delega\u021biei a fost stabilit\u0103 de c\u0103tre ucraineni.<\/p>\n<\/div>\n","protected":false},"excerpt":{"rendered":"<div><img loading=\"lazy\" decoding=\"async\" width=\"696\" height=\"306\" src=\"https:\/\/canal5.md\/wp-content\/uploads\/2025\/03\/blob-5-1024x450-optimized.jpg\" class=\"attachment-large size-large wp-post-image\" alt=\"\" srcset=\"https:\/\/canal5.md\/wp-content\/uploads\/2025\/03\/blob-5-1024x450-optimized.jpg 1024w, https:\/\/canal5.md\/wp-content\/uploads\/2025\/03\/blob-5-300x132-optimized.jpg 300w, https:\/\/canal5.md\/wp-content\/uploads\/2025\/03\/blob-5-768x338-optimized.jpg 768w, https:\/\/canal5.md\/wp-content\/uploads\/2025\/03\/blob-5-696x306-optimized.jpg 696w, https:\/\/canal5.md\/wp-content\/uploads\/2025\/03\/blob-5-optimized.jpg 1032w\">\u00cen Arabia Saudit\u0103 au AVUT LOC negocierile dintre reprezentan\u021bii Statelor Unite \u0219i Ucraina, organizate cu scopul de a g\u0103si solu\u021bii pentru \u00eencheierea r\u0103zboiului. Aceasta este prima \u00eent\u00e2lnire oficial\u0103 \u00eentre Kiev \u0219i Washington dup\u0103 disputa dintre Donald Trump \u0219i Volodimir Zelenschi la Casa Alb\u0103. Cu o zi \u00eenainte, pre\u0219edintele Ucrainei a ajuns \u0219i el \u00een Arabia [\u2026]<\/div>\n","protected":false},"author":1,"featured_media":68857,"comment_status":"closed","ping_status":"closed","sticky":false,"template":"","format":"standard","meta":{"jnews-multi-image_gallery":[],"jnews_single_post":[],"jnews_primary_category":[],"jnews_social_meta":[],"jnews_override_counter":[],"footnotes":""},"categories":[29],"tags":[],"class_list":["post-68856","post","type-post","status-publish","format-standard","has-post-thumbnail","hentry","category-externe_ro"],"_links":{"self":[{"href":"https:\/\/orheifm.live\/index.php\/wp-json\/wp\/v2\/posts\/68856","targetHints":{"allow":["GET"]}}],"collection":[{"href":"https:\/\/orheifm.live\/index.php\/wp-json\/wp\/v2\/posts"}],"about":[{"href":"https:\/\/orheifm.live\/index.php\/wp-json\/wp\/v2\/types\/post"}],"author":[{"embeddable":true,"href":"https:\/\/orheifm.live\/index.php\/wp-json\/wp\/v2\/users\/1"}],"replies":[{"embeddable":true,"href":"https:\/\/orheifm.live\/index.php\/wp-json\/wp\/v2\/comments?post=68856"}],"version-history":[{"count":0,"href":"https:\/\/orheifm.live\/index.php\/wp-json\/wp\/v2\/posts\/68856\/revisions"}],"wp:featuredmedia":[{"embeddable":true,"href":"https:\/\/orheifm.live\/index.php\/wp-json\/wp\/v2\/media\/68857"}],"wp:attachment":[{"href":"https:\/\/orheifm.live\/index.php\/wp-json\/wp\/v2\/media?parent=68856"}],"wp:term":[{"taxonomy":"category","embeddable":true,"href":"https:\/\/orheifm.live\/index.php\/wp-json\/wp\/v2\/categories?post=68856"},{"taxonomy":"post_tag","embeddable":true,"href":"https:\/\/orheifm.live\/index.php\/wp-json\/wp\/v2\/tags?post=68856"}],"curies":[{"name":"wp","href":"https:\/\/api.w.org\/{rel}","templated":true}]}}