{"id":68852,"date":"2025-03-11T21:14:28","date_gmt":"2025-03-11T19:14:28","guid":{"rendered":"https:\/\/orheifm.live\/index.php\/2025\/03\/11\/propunerea-sarcastica-a-evgheniei-gutul-ca-reactie-la-mersul-procesului-judiciar-in-cazul-ei-video\/"},"modified":"2025-03-11T21:14:28","modified_gmt":"2025-03-11T19:14:28","slug":"propunerea-sarcastica-a-evgheniei-gutul-ca-reactie-la-mersul-procesului-judiciar-in-cazul-ei-video","status":"publish","type":"post","link":"https:\/\/orheifm.live\/index.php\/2025\/03\/11\/propunerea-sarcastica-a-evgheniei-gutul-ca-reactie-la-mersul-procesului-judiciar-in-cazul-ei-video\/","title":{"rendered":"Propunerea sarcastic\u0103 a Evgheniei Gu\u021bul ca reac\u021bie la mersul procesului judiciar \u00een cazul ei |VIDEO"},"content":{"rendered":"<div>\n<p><strong>\u00a0Ba\u0219canul G\u0103g\u0103uziei, Evgenia Gu\u021bul, inten\u021bioneaz\u0103 s\u0103-i cear\u0103 magistratului, care \u00eei judec\u0103 dosarul, s\u0103-i ofere un birou \u00een incinta instan\u021bei, pentru a se putea ocupa acolo de treburile autonomiei. <\/strong><br \/>\n<iframe loading=\"lazy\" title=\"YouTube video player\" src=\"https:\/\/www.youtube.com\/embed\/ZGXx8GO8fr0?si=3TNF9tPU2kW3o2GF\" width=\"560\" height=\"315\" frameborder=\"0\" allowfullscreen=\"allowfullscreen\"><\/iframe><br \/>\nGuvernatorul afirm\u0103 c\u0103 a ajuns la aceast\u0103 decizie din necesitate. \u00cen loc s\u0103 se dedice complet activit\u0103\u021bilor administrative \u0219i de conducere ale regiunii, afirm\u0103 ea, se afl\u0103 ore \u00eentregi pe drum \u0219i \u00een \u0219edin\u021be de judecat\u0103. Ea le-a numit pe acestea o adev\u0103rat\u0103 fars\u0103 \u0219i pierdere de timp, a\u0219a cum spune ea a fost \u0219i \u00eentrunirea de mar\u021bi.<\/p>\n<p>\u00cen timpul \u0219edin\u021bei, care a durat aproape dou\u0103 ore, au fost vizionate \u00eenregistr\u0103ri video \u00een care, dup\u0103 cum a men\u021bionat ba\u0219canul, nu au fost men\u021bionate numele s\u0103u \u0219i al colegei sale, activista Svetlana Popan. \u00cen opinia lui Gu\u021bul, acest proces sem\u0103n\u0103 mai degrab\u0103 cu o batjocur\u0103 dec\u00e2t cu un proces echitabil, pe care pierde timpul ce l-ar putea utiliza \u00een folosul cet\u0103\u021benilor G\u0103g\u0103uziei.<\/p>\n<p>EVGHENIA GU\u021aUL, ba\u0219canul G\u0103g\u0103uziei<\/p>\n<p>\u00cenc\u0103 o dat\u0103 am ascultat un dialog \u00eentre persoane necunoscute, unde nu au fost men\u021bionate nici numele meu, nici numele Svetlanei Popan. \u0218i, desigur, urm\u0103toarea \u0219edin\u021b\u0103 va fi m\u00e2ine.<\/p>\n<p>Am propus deja colegilor mei c\u0103 nu mai este necesar s\u0103 mergem acas\u0103, putem s\u0103 \u00eennopt\u0103m chiar aici. Petrecem foarte mult timp \u00een instan\u021b\u0103 \u0219i cred c\u0103 ne vom adresa judec\u0103torului pentru a ne oferi un cabinet, astfel \u00eenc\u00e2t m\u0103car de aici s\u0103 pot lucra \u0219i s\u0103 dezvolt autonomia noastr\u0103 g\u0103g\u0103uz\u0103.<\/p>\n<p>Suntem deja preg\u0103ti\u021bi s\u0103 fim de acord ca \u0219i \u0219efii \u00eentreprinderilor s\u0103 se mute aici, deoarece, din p\u0103cate, din cauza \u0219edin\u021belor de judecat\u0103 tot mai frecvente, nu reu\u0219esc s\u0103 fiu prezent\u0103 \u00een autonomia g\u0103g\u0103uz\u0103.<\/p>\n<p>Ca de fiecare dat\u0103, s\u0103 o sus\u021bin\u0103 pe ba\u0219can au venit membri ai Blocului \u201eVictorie\u201d, dar \u0219i activi\u0219ti din aripa t\u00e2n\u0103r\u0103 a forma\u021biunii, care spun c\u0103 sunt de neclintit \u00een convingerile lor \u0219i anume c\u0103 prin acest dosar Evghenia Gu\u021bul este supus\u0103 h\u0103r\u021buirilor \u0219i presiunilor politice.<\/p>\n<p>MAXIM ANDREEV, activist al Blocului \u201dVictorie\u201d<\/p>\n<p>Noi, tinerii activi\u0219ti ai Blocului \u201dVictorie\u201d am venit s\u0103 sus\u021binem ba\u0219canul G\u0103g\u0103uziei, s\u0103 nu permitem juntei galbene PAS s\u0103 distrug\u0103 credin\u021ba noastr\u0103 \u00een dreptate \u0219i c\u0103 cei nevinova\u021bi a\u0219a \u0219i vor r\u0103m\u00e2ne \u2013 nevinova\u021bi.<\/p>\n<p>Ace\u0219tia \u0219i-au exprimat speran\u021ba c\u0103 schimb\u0103rile de pe arena politic\u0103 interna\u021bional\u0103 vor influen\u021ba pozitiv politica intern\u0103 din \u021bara noastr\u0103, iar presiunile asupra opozi\u021biei \u0219i abuzurile de putere vor \u00eenceta.<\/p>\n<p>IURII VITNEANSCHI, membru al Blocului \u201dVictorie\u201d<\/p>\n<p>Cu fiecare zi ce trece, Maia Sandu va avea tot mai pu\u021bine \u0219anse de a continua s\u0103 exercite presiune asupra opozi\u021biei, s\u0103 abuzeze de putere prin sistemul judec\u0103toresc \u0219i s\u0103 \u00eencerce s\u0103 distrug\u0103 to\u021bi liderii opozi\u021biei.<\/p>\n<p>Urm\u0103toarea \u0219edin\u021b\u0103 de judecat\u0103 va avea loc miercuri, 12 martie, ora 14:00. Eugenia Gu\u021bul \u0219i Svetlana Popan resping categoric toate acuza\u021biile aduse \u00eempotriva lor, numind dosarul penal politic, ini\u021biat la cererea Maiei Sandu \u0219i PAS. Procurorii se ab\u021bin de la comentarii.<\/p>\n<\/div>\n","protected":false},"excerpt":{"rendered":"<div><img loading=\"lazy\" decoding=\"async\" width=\"696\" height=\"392\" src=\"https:\/\/canal5.md\/wp-content\/uploads\/2024\/05\/evghenia-gutul-1024x576-optimized.png\" class=\"attachment-large size-large wp-post-image\" alt=\"\" srcset=\"https:\/\/canal5.md\/wp-content\/uploads\/2024\/05\/evghenia-gutul-1024x576-optimized.png 1024w, https:\/\/canal5.md\/wp-content\/uploads\/2024\/05\/evghenia-gutul-300x169-optimized.png 300w, https:\/\/canal5.md\/wp-content\/uploads\/2024\/05\/evghenia-gutul-768x432-optimized.png 768w, https:\/\/canal5.md\/wp-content\/uploads\/2024\/05\/evghenia-gutul-696x392-optimized.png 696w, https:\/\/canal5.md\/wp-content\/uploads\/2024\/05\/evghenia-gutul-1068x601-optimized.png 1068w, https:\/\/canal5.md\/wp-content\/uploads\/2024\/05\/evghenia-gutul-optimized.png 1200w\">\u00a0Ba\u0219canul G\u0103g\u0103uziei, Evgenia Gu\u021bul, inten\u021bioneaz\u0103 s\u0103-i cear\u0103 magistratului, care \u00eei judec\u0103 dosarul, s\u0103-i ofere un birou \u00een incinta instan\u021bei, pentru a se putea ocupa acolo de treburile autonomiei. Guvernatorul afirm\u0103 c\u0103 a ajuns la aceast\u0103 decizie din necesitate. \u00cen loc s\u0103 se dedice complet activit\u0103\u021bilor administrative \u0219i de conducere ale regiunii, afirm\u0103 ea, se afl\u0103 [\u2026]<\/div>\n","protected":false},"author":1,"featured_media":68853,"comment_status":"closed","ping_status":"closed","sticky":false,"template":"","format":"standard","meta":{"jnews-multi-image_gallery":[],"jnews_single_post":[],"jnews_primary_category":[],"jnews_social_meta":[],"jnews_override_counter":[],"footnotes":""},"categories":[23],"tags":[],"class_list":["post-68852","post","type-post","status-publish","format-standard","has-post-thumbnail","hentry","category-politica_ro"],"_links":{"self":[{"href":"https:\/\/orheifm.live\/index.php\/wp-json\/wp\/v2\/posts\/68852","targetHints":{"allow":["GET"]}}],"collection":[{"href":"https:\/\/orheifm.live\/index.php\/wp-json\/wp\/v2\/posts"}],"about":[{"href":"https:\/\/orheifm.live\/index.php\/wp-json\/wp\/v2\/types\/post"}],"author":[{"embeddable":true,"href":"https:\/\/orheifm.live\/index.php\/wp-json\/wp\/v2\/users\/1"}],"replies":[{"embeddable":true,"href":"https:\/\/orheifm.live\/index.php\/wp-json\/wp\/v2\/comments?post=68852"}],"version-history":[{"count":0,"href":"https:\/\/orheifm.live\/index.php\/wp-json\/wp\/v2\/posts\/68852\/revisions"}],"wp:featuredmedia":[{"embeddable":true,"href":"https:\/\/orheifm.live\/index.php\/wp-json\/wp\/v2\/media\/68853"}],"wp:attachment":[{"href":"https:\/\/orheifm.live\/index.php\/wp-json\/wp\/v2\/media?parent=68852"}],"wp:term":[{"taxonomy":"category","embeddable":true,"href":"https:\/\/orheifm.live\/index.php\/wp-json\/wp\/v2\/categories?post=68852"},{"taxonomy":"post_tag","embeddable":true,"href":"https:\/\/orheifm.live\/index.php\/wp-json\/wp\/v2\/tags?post=68852"}],"curies":[{"name":"wp","href":"https:\/\/api.w.org\/{rel}","templated":true}]}}