{"id":68848,"date":"2025-03-11T21:09:33","date_gmt":"2025-03-11T19:09:33","guid":{"rendered":"https:\/\/orheifm.live\/index.php\/2025\/03\/11\/nu-te-poti-duce-cu-un-copil-la-spital-un-sat-intreg-sta-fara-transport-public-de-doi-ani-video\/"},"modified":"2025-03-11T21:09:33","modified_gmt":"2025-03-11T19:09:33","slug":"nu-te-poti-duce-cu-un-copil-la-spital-un-sat-intreg-sta-fara-transport-public-de-doi-ani-video","status":"publish","type":"post","link":"https:\/\/orheifm.live\/index.php\/2025\/03\/11\/nu-te-poti-duce-cu-un-copil-la-spital-un-sat-intreg-sta-fara-transport-public-de-doi-ani-video\/","title":{"rendered":"Nu te po\u021bi duce cu un copil la spital: Un sat \u00eentreg st\u0103 f\u0103r\u0103 transport public de doi ani |VIDEO"},"content":{"rendered":"<div>\n<p><strong>Situa\u021bie alarmant\u0103 \u00een localitatea T\u0103t\u0103re\u0219ti din raionul Str\u0103\u0219eni, pe drumurile c\u0103reia, deja de doi ani, nu mai circul\u0103 nicio unitate de transport public. S\u0103tenii care nu au propria ma\u0219in\u0103 fac autostopul pentru a ajunge \u00een centrul raional. <\/strong><br \/>\n<iframe loading=\"lazy\" title=\"YouTube video player\" src=\"https:\/\/www.youtube.com\/embed\/yHpMM3uM1YU?si=jhCclvQkgnOOYgZJ\" width=\"560\" height=\"315\" frameborder=\"0\" allowfullscreen=\"allowfullscreen\"><\/iframe><br \/>\nSe \u00eent\u00e2mpl\u0103 \u00eens\u0103 s\u0103 stea pe marginea drumului ore bune, \u0219i degeaba, pentru c\u0103 fie nu trece niciun transport, fie nu se opre\u0219te nimeni s\u0103-i ia ca pasageri. Situa\u021bia devine cu at\u00e2t mai dificil\u0103 \u00een zilele cu vreme rea.<\/p>\n<p>Localnicii din T\u0103t\u0103re\u0219ti se afl\u0103 \u00eentr-o lupt\u0103 constant\u0103 pentru a ajunge la destina\u021biile lor din cauza nefunc\u021bion\u0103rii sistemului de transport public. De mai bine de doi ani, satul a r\u0103mas complet izolat, iar oamenii sunt nevoi\u021bi s\u0103 apeleze la autostop pentru a ajunge \u00een raion sau \u00een alte localit\u0103\u021bi din apropiere.<\/p>\n<p>S\u0103tenii spun c\u0103 aceast\u0103 problem\u0103 le afecteaz\u0103 accesul la servicii esen\u021biale, cum ar fi consulta\u021biile medicale, locul de munc\u0103, \u0219colile sau alte destina\u021bii din Str\u0103\u0219eni, iar deplas\u0103rile spre Chi\u0219in\u0103u sunt aproape imposibile.<\/p>\n<p>De mult nu-i \u0219i nu \u0219tiu de ce nu se rezolv\u0103 problema asta vede\u021bi vine lumea pe jos la ocazie.Avem copii care \u00eenva\u021b\u0103 la diferite cercuri la Str\u0103\u0219eni de muzic\u0103, de dans, chestii de genu.<\/p>\n<p>Avem profesori care vin de la Str\u0103\u0219eni, vin la noi la \u0219coal\u0103 c\u0103 nu ne ajunge profesori \u0219i iat\u0103 stau s\u0103rmanii tot \u0219i a\u0219teapt\u0103 \u0219i nu au cu s\u0103 se duc\u0103. Dar c\u00e2nd vremea e friguroas\u0103, vreme ploioas\u0103\u2026 da\u021bi-v\u0103 seama cum po\u021bi s\u0103 stai, s\u0103 a\u0219tepti un transport care s\u0103 vin\u0103 s\u0103 te ieie \u0219i te duci asta nu merge vorba de 5-10 minute, acolo merge vorba de timp, stai \u00een strad\u0103 a\u0219tep\u021bi \u0219i nimeni nu te ia.<\/p>\n<p>\u0218i iarna \u0219i vara e greu pentru un om care urgent ceva nevoie, nu conteaz\u0103 de-i iarna sau var\u0103 \u0219i iat\u0103, tare ne trebuie asta, tare ne trebuie transportul, nici nu se dicut\u0103.<br \/>\nSuntem un sat de oameni, nu-i o cas\u0103-dou\u0103, la noi este lume-n sat.<\/p>\n<p>Se duce lumea la lucru, nu are lumea cu ce s\u0103 se duc\u0103 la lucru, st\u0103 majoritate femeilor tinere cu copii, nu se pot deplasa la lucru din cauza c\u0103 trebuie s\u0103 duc\u0103 copii la gr\u0103dini\u021b\u0103, apoi nu au cu ce se duce, stau, \u00een\u021belege\u021bi, stau to\u021bi, a\u0219a, suntem to\u021bi \u00een amor\u021bire, ca \u0219i c\u00e2nd ai transport te duci, nu ai transport stai.<\/p>\n<p>E departe p\u00e2n\u0103 la Chi\u0219in\u0103u. Se duc p\u00e2n\u0103 la Str\u0103\u0219eni, de la Str\u0103\u0219eni iau Chi\u0219in\u0103u-Str\u0103\u0219eni, se duc p\u00e2n\u0103 \u00een Chi\u0219in\u0103u, dup\u0103 care \u2013 \u00eenapoi, tot, la autostop. Tare e greu iarna, mai ales c\u00e2nd e frig, s\u0103 stai cu un copil mic, s\u0103 te duci la spital e r\u0103u de tot.<\/p>\n<p>Elevii la \u0219coal\u0103 toat\u0103 iarna \u00eenghea\u021b\u0103 la B\u00eec, b\u0103tr\u00e2nii\u2026, cu ce s\u0103 ne ducem, cu ce s\u0103 venim, nu avem ma\u0219inile de ocazie, nu se opresc noi st\u0103m acolo c\u00e2te 3 ore, eu vineri am venit, un ceas jumate am stat \u0219i nimeni nu te ia, \u0219i avem nevoie numaidec\u00e2t.<\/p>\n<p>Nici un sat din toat\u0103 Republica Moldova nu a r\u0103mas f\u0103r\u0103 rutier\u0103 numai noi, parc\u0103 suntem cei ma p\u0103c\u0103to\u0219i \u0219i numaidec\u00e2t trebuie s\u0103 rezolv\u0103m problema. Ne-am adresat la primar, este rut\u0103 nu e \u0219ofer, apoi noi ce s\u0103 facem, noi s\u0103 na\u0219tem \u0219oferu sau ce s\u0103 facem?<\/p>\n<p>C\u0103uta\u021bi un \u0219ofer, \u00een toat\u0103 RM nu sunt \u0219oferi? Foarte tare avem nevoie, neap\u0103rat ne trebuie rutier\u0103.<\/p>\n<p>P\u00e2n\u0103 la Str\u0103\u0219eni sunt mai mult de 30 de kilometri, pe care nu-i po\u021bi str\u0103bate pe jos. S\u0103tenii afirm\u0103 c\u0103 lipsa unui mijloc de transport public nu doar c\u0103 le afecteaz\u0103 timpul \u0219i confortul, dar \u0219i le pune \u00een pericol s\u0103n\u0103tatea, mai ales pe cea a v\u00e2rstnicilor.<\/p>\n<p>S\u0103 spunem c\u0103 bunica are nevoie de ni\u0219te medicamente, dar \u00een satul nostru nu exist\u0103 nicio farmacie, a\u0219a c\u0103 nu are de unde s\u0103 le ia. Este o problem\u0103 mare, deoarece nu are pe cineva care s\u0103 o duc\u0103 \u0219i nici mijloace de transport. De multe ori, oamenii stau \u0219i a\u0219teapt\u0103, de exemplu, o or\u0103 p\u00e2n\u0103 c\u00e2nd cineva \u00eei ia \u0219i \u00eei duce.<\/p>\n<p>De exemplu, eu am mers de multe ori pe jos, 45 de minute p\u00e2n\u0103 la arterele principale, adic\u0103, drumul central de unde vin autobuzele din C\u0103l\u0103ra\u0219i, Lozova \u0219i multe altele.<\/p>\n<p>\u201eNe ducem cu ma\u0219ini de ocazie, cum se nimere\u0219te, care te ia, care nu te ia. Dac\u0103 e ceva urgent, trebuie doar taxi, care cost\u0103 120 de lei. Pentru noi, pensionarii, e un pre\u021b mare, foarte greu ne lovim de aceast\u0103 situa\u021bie. Suntem am\u00e2ndoi pensionari, b\u0103rbatul meu este invalid \u0219i pensia lui nu ajunge nici la 2000 de lei, iar eu am 2200.<\/p>\n<p>Trebuie s\u0103 m\u0103 duc dup\u0103 medicamente, avem \u0219i alte probleme de rezolvat la raion, iar despre Chi\u0219in\u0103u nici nu mai zicem nimic.<\/p>\n<p>Cump\u0103r\u0103turi, treburi, nu putem face nimic. Suntem nevoi\u021bi s\u0103 cump\u0103r\u0103m din magazin cu pre\u021burile mari, nu putem ajunge la pia\u021b\u0103, nu ne putem deplasa nic\u0103ieri.<\/p>\n<p>Este foarte greu s\u0103 te deplasezi, dac\u0103 iese transport din localitate, atunci \u0219i noi plec\u0103m, dar a\u0219a. Este foarte greu.<\/p>\n<p>\u2013 C\u00e2t pute\u021bi s\u0103 stai aici?<\/p>\n<p>-O jum\u0103tate de or\u0103, o or\u0103 sau chiar mai mult.<\/p>\n<p>Pre\u0219edintele raionului Str\u0103\u0219eni, Mariana D\u00eemcenco, aleas\u0103 din partea PAS, \u0219tie de aceast\u0103 problem\u0103, dar nu \u0219tie c\u00e2nd va fi rezolvat\u0103. Nici nu ar avea de ce s\u0103 gr\u0103beasc\u0103 rezolvarea, at\u00e2ta timp c\u00e2t nu o afecteaz\u0103 personal. De\u0219i solu\u021bionarea problemei este pe deplin \u00een m\u00e2inile func\u021bionarilor.<\/p>\n<p>MARIANA D\u00ceMCENCO, pre\u0219edintele raionului Str\u0103\u0219eni<\/p>\n<p>Am f\u0103cut un demers c\u0103tre ANTA pentru a ne explica care este motivul sist\u0103rii acestei rute. \u00cen r\u0103spuns ni s-a spus c\u0103 aceast\u0103 sistare este din cauza unui proces de judecat\u0103 referitor la ruta dat\u0103 \u0219i \u00eendat\u0103 cum va fi \u00eencheiat procesul de judecat\u0103, va fi, probabil, f\u0103cut\u0103 licita\u021bie privind selectarea antreprenorului care va presta acest serviciu.<\/p>\n<p>\u00cen ace\u0219ti doi ani, nimeni din autorit\u0103\u021bi nu s-a g\u00e2ndit la cum ar trebui s\u0103 se descurce oamenii care tr\u0103iesc \u00een sat. Av\u00e2nd \u00een vedere situa\u021bia alarmant\u0103, locuitorii din T\u0103t\u0103re\u0219ti propun ca autorit\u0103\u021bile locale s\u0103 ia m\u0103suri rapide pentru a \u00eenfiin\u021ba un transport public \u0219i s\u0103-i scoat\u0103 din izolare.<\/p>\n<p>Da, trebuie s\u0103 fie numaidec\u00e2t, m\u0103car p\u00e2n\u0103 la Str\u0103\u0219eni s\u0103 fie pentru c\u0103 de-acolo ne deplas\u0103m la Chi\u0219in\u0103u, dar mai mult la Str\u0103\u0219eni ne trebuie, la medic, p\u0103rin\u021bii cu copii se duc la doctor, copii \u2013 la \u0219coal\u0103 \u2013 la Str\u0103\u0219eni, care \u00eenva\u021b\u0103 \u0219i sunt mai multe probleme de rezolvat la Str\u0103\u0219eni dec\u00e2t \u00een Chi\u0219in\u0103u, \u00eentr-adev\u0103r trebuie nici nu se discut\u0103, este nevoie de rutier\u0103, numaidec\u00e2t.<\/p>\n<p>Stau microbuzele acestea, ne-am adresat, stau rutierele la Str\u0103\u0219eni, stau ore \u00eentregi pin\u0103 vine Str\u0103\u0219eni \u2013 Chi\u0219in\u0103u care stau la autosta\u021bie.\u00a0 M\u0103i, chiar nu se poate de organizat\u2026 c\u00e2t e, vreo 10-15 km, timp de 10-15 minute e \u00een sat, timp de jumate de or\u0103 face ruta, vine \u0219i se duce p\u00e2n\u0103 la Str\u0103\u0219eni, timpul acesta nu se poate de organizat a\u0219a? Nu e numaidec\u00e2t s\u0103 avem rut\u0103 \u00een Chi\u0219in\u0103u, noi dac\u0103 ajungem la Str\u0103\u0219eni, noi din Str\u0103\u0219eni ne deplas\u0103m p\u00e2n\u0103 la Chi\u0219in\u0103u, avem cu ce.<\/p>\n<p>Pre\u0219edintele raionului Str\u0103\u0219eni, Mariana D\u00eemcenco, aleas\u0103 din partea PAS, \u0219tie de aceast\u0103 problem\u0103, dar nu \u0219i c\u00e2nd va fi rezolvat\u0103. Nici n-ar avea de ce gr\u0103bi at\u00e2ta timp c\u00e2t nu o afecteaz\u0103 personal.<\/p>\n<p>MARIANA D\u00ceMCENCO, pre\u0219edintele raionului Str\u0103\u0219eni<\/p>\n<p>Am f\u0103cut un demers c\u0103tre ANTA pentru a ne explica care este motivul sist\u0103rii acestei rute. \u00cen r\u0103spuns ni s-a spus c\u0103 aceast\u0103 sistare este din cauza unui proces de judecat\u0103 referitor la ruta dat\u0103 \u0219i \u00eendat\u0103 cum va fi \u00eencheiat procesul de judecat\u0103, va fi, probabil, f\u0103cut\u0103 licita\u021bie privind selectarea antreprenorului care va presta acest serviciu.<\/p>\n<p>Prin urmare, problema nu se rezolv\u0103. Cu alte cuvinte, c\u00e2t va dura procesul de judecat\u0103, dar la noi acestea se \u00eentind cu anii, s\u0103tenii din T\u0103t\u0103r\u0103\u0219ti nu vor avea transport public. Prim\u0103ria nu a r\u0103spuns apelurilor noastre pentru a ne spune ce m\u0103suri \u00eentreprinde autoritatea public\u0103 local\u0103 ca s\u0103 asigure cu transport. Nu ne-au r\u0103spuns la apeluri nici reprezentan\u021bii ANTA.<\/p>\n<\/div>\n","protected":false},"excerpt":{"rendered":"<div><img loading=\"lazy\" decoding=\"async\" width=\"696\" height=\"345\" src=\"https:\/\/canal5.md\/wp-content\/uploads\/2025\/03\/blob-7-optimized.jpg\" class=\"attachment-large size-large wp-post-image\" alt=\"\" srcset=\"https:\/\/canal5.md\/wp-content\/uploads\/2025\/03\/blob-7-optimized.jpg 949w, https:\/\/canal5.md\/wp-content\/uploads\/2025\/03\/blob-7-300x149-optimized.jpg 300w, https:\/\/canal5.md\/wp-content\/uploads\/2025\/03\/blob-7-768x380-optimized.jpg 768w, https:\/\/canal5.md\/wp-content\/uploads\/2025\/03\/blob-7-696x345-optimized.jpg 696w, https:\/\/canal5.md\/wp-content\/uploads\/2025\/03\/blob-7-324x160-optimized.jpg 324w, https:\/\/canal5.md\/wp-content\/uploads\/2025\/03\/blob-7-648x320-optimized.jpg 648w\">Situa\u021bie alarmant\u0103 \u00een localitatea T\u0103t\u0103re\u0219ti din raionul Str\u0103\u0219eni, pe drumurile c\u0103reia, deja de doi ani, nu mai circul\u0103 nicio unitate de transport public. S\u0103tenii care nu au propria ma\u0219in\u0103 fac autostopul pentru a ajunge \u00een centrul raional. Se \u00eent\u00e2mpl\u0103 \u00eens\u0103 s\u0103 stea pe marginea drumului ore bune, \u0219i degeaba, pentru c\u0103 fie nu trece niciun [\u2026]<\/div>\n","protected":false},"author":1,"featured_media":68849,"comment_status":"closed","ping_status":"closed","sticky":false,"template":"","format":"standard","meta":{"jnews-multi-image_gallery":[],"jnews_single_post":[],"jnews_primary_category":[],"jnews_social_meta":[],"jnews_override_counter":[],"footnotes":""},"categories":[30],"tags":[],"class_list":["post-68848","post","type-post","status-publish","format-standard","has-post-thumbnail","hentry","category-social_ro"],"_links":{"self":[{"href":"https:\/\/orheifm.live\/index.php\/wp-json\/wp\/v2\/posts\/68848","targetHints":{"allow":["GET"]}}],"collection":[{"href":"https:\/\/orheifm.live\/index.php\/wp-json\/wp\/v2\/posts"}],"about":[{"href":"https:\/\/orheifm.live\/index.php\/wp-json\/wp\/v2\/types\/post"}],"author":[{"embeddable":true,"href":"https:\/\/orheifm.live\/index.php\/wp-json\/wp\/v2\/users\/1"}],"replies":[{"embeddable":true,"href":"https:\/\/orheifm.live\/index.php\/wp-json\/wp\/v2\/comments?post=68848"}],"version-history":[{"count":0,"href":"https:\/\/orheifm.live\/index.php\/wp-json\/wp\/v2\/posts\/68848\/revisions"}],"wp:featuredmedia":[{"embeddable":true,"href":"https:\/\/orheifm.live\/index.php\/wp-json\/wp\/v2\/media\/68849"}],"wp:attachment":[{"href":"https:\/\/orheifm.live\/index.php\/wp-json\/wp\/v2\/media?parent=68848"}],"wp:term":[{"taxonomy":"category","embeddable":true,"href":"https:\/\/orheifm.live\/index.php\/wp-json\/wp\/v2\/categories?post=68848"},{"taxonomy":"post_tag","embeddable":true,"href":"https:\/\/orheifm.live\/index.php\/wp-json\/wp\/v2\/tags?post=68848"}],"curies":[{"name":"wp","href":"https:\/\/api.w.org\/{rel}","templated":true}]}}