{"id":68846,"date":"2025-03-11T21:05:45","date_gmt":"2025-03-11T19:05:45","guid":{"rendered":"https:\/\/orheifm.live\/index.php\/2025\/03\/11\/incendiu-la-un-liceu-din-bender-flacarile-au-distrus-o-sala-de-clasa-dar-fara-victime-video\/"},"modified":"2025-03-11T21:05:45","modified_gmt":"2025-03-11T19:05:45","slug":"incendiu-la-un-liceu-din-bender-flacarile-au-distrus-o-sala-de-clasa-dar-fara-victime-video","status":"publish","type":"post","link":"https:\/\/orheifm.live\/index.php\/2025\/03\/11\/incendiu-la-un-liceu-din-bender-flacarile-au-distrus-o-sala-de-clasa-dar-fara-victime-video\/","title":{"rendered":"Incendiu la un liceu din Bender: Fl\u0103c\u0103rile au distrus o sal\u0103 de clas\u0103, dar f\u0103r\u0103 victime |VIDEO"},"content":{"rendered":"<div>\n<p><strong>Un incendiu a izbucnit la un liceu din Bender chiar \u00een timpul lec\u021biilor. Presa din regiune scrie c\u0103 fl\u0103c\u0103rile au cuprins sala de matematic\u0103 \u0219i nu cea de chimie, a\u0219a cum se anun\u021ba anterior. <\/strong><br \/>\n<iframe loading=\"lazy\" title=\"YouTube video player\" src=\"https:\/\/www.youtube.com\/embed\/6uACZvxc3-g?si=mcSUwLMCsVfc898z\" width=\"560\" height=\"315\" frameborder=\"0\" allowfullscreen=\"allowfullscreen\"><span data-mce-type=\"bookmark\" style=\"display: inline-block; width: 0px; overflow: hidden; line-height: 0;\" class=\"mce_SELRES_start\">\ufeff<\/span><\/iframe><br \/>\nDin fericire, \u00een momentul incidentului, \u00een clas\u0103 nu se aflau elevi sau profesori, deoarece orele se \u00eencheiaser\u0103. Unele canale de Telegram au publicat imagini video surprinse \u00een timpul incendiului.<\/p>\n<p>Din imagini se poate observa cum fl\u0103c\u0103rile au cuprins \u00eentreaga clas\u0103 de la etajul trei, distrug\u00e2nd tot ce se afla \u00een interiorul cabinetului.<\/p>\n<p>To\u021bi elevii din institu\u021bia de \u00eenv\u0103\u021b\u0103m\u00e2nt au fost evacua\u021bi, iar la fa\u021ba locului au intervenit mai multe echipaje de pompieri care au luptat cu v\u00e2lv\u0103taia. Din fericire, nimeni nu a fost r\u0103nit.<\/p>\n<\/div>\n","protected":false},"excerpt":{"rendered":"<div><img loading=\"lazy\" decoding=\"async\" width=\"590\" height=\"1024\" src=\"https:\/\/canal5.md\/wp-content\/uploads\/2025\/03\/photo_2025-03-11_20-03-09-590x1024-optimized.jpg\" class=\"attachment-large size-large wp-post-image\" alt=\"\" srcset=\"https:\/\/canal5.md\/wp-content\/uploads\/2025\/03\/photo_2025-03-11_20-03-09-590x1024-optimized.jpg 590w, https:\/\/canal5.md\/wp-content\/uploads\/2025\/03\/photo_2025-03-11_20-03-09-173x300-optimized.jpg 173w, https:\/\/canal5.md\/wp-content\/uploads\/2025\/03\/photo_2025-03-11_20-03-09-696x1207-optimized.jpg 696w, https:\/\/canal5.md\/wp-content\/uploads\/2025\/03\/photo_2025-03-11_20-03-09-optimized.jpg 738w\">Un incendiu a izbucnit la un liceu din Bender chiar \u00een timpul lec\u021biilor. Presa din regiune scrie c\u0103 fl\u0103c\u0103rile au cuprins sala de matematic\u0103 \u0219i nu cea de chimie, a\u0219a cum se anun\u021ba anterior. \ufeff Din fericire, \u00een momentul incidentului, \u00een clas\u0103 nu se aflau elevi sau profesori, deoarece orele se \u00eencheiaser\u0103. Unele canale de [\u2026]<\/div>\n","protected":false},"author":1,"featured_media":68847,"comment_status":"closed","ping_status":"closed","sticky":false,"template":"","format":"standard","meta":{"jnews-multi-image_gallery":[],"jnews_single_post":[],"jnews_primary_category":[],"jnews_social_meta":[],"jnews_override_counter":[],"footnotes":""},"categories":[30],"tags":[],"class_list":["post-68846","post","type-post","status-publish","format-standard","has-post-thumbnail","hentry","category-social_ro"],"_links":{"self":[{"href":"https:\/\/orheifm.live\/index.php\/wp-json\/wp\/v2\/posts\/68846","targetHints":{"allow":["GET"]}}],"collection":[{"href":"https:\/\/orheifm.live\/index.php\/wp-json\/wp\/v2\/posts"}],"about":[{"href":"https:\/\/orheifm.live\/index.php\/wp-json\/wp\/v2\/types\/post"}],"author":[{"embeddable":true,"href":"https:\/\/orheifm.live\/index.php\/wp-json\/wp\/v2\/users\/1"}],"replies":[{"embeddable":true,"href":"https:\/\/orheifm.live\/index.php\/wp-json\/wp\/v2\/comments?post=68846"}],"version-history":[{"count":0,"href":"https:\/\/orheifm.live\/index.php\/wp-json\/wp\/v2\/posts\/68846\/revisions"}],"wp:featuredmedia":[{"embeddable":true,"href":"https:\/\/orheifm.live\/index.php\/wp-json\/wp\/v2\/media\/68847"}],"wp:attachment":[{"href":"https:\/\/orheifm.live\/index.php\/wp-json\/wp\/v2\/media?parent=68846"}],"wp:term":[{"taxonomy":"category","embeddable":true,"href":"https:\/\/orheifm.live\/index.php\/wp-json\/wp\/v2\/categories?post=68846"},{"taxonomy":"post_tag","embeddable":true,"href":"https:\/\/orheifm.live\/index.php\/wp-json\/wp\/v2\/tags?post=68846"}],"curies":[{"name":"wp","href":"https:\/\/api.w.org\/{rel}","templated":true}]}}