{"id":68842,"date":"2025-03-11T21:01:08","date_gmt":"2025-03-11T19:01:08","guid":{"rendered":"https:\/\/orheifm.live\/index.php\/2025\/03\/11\/ue-acorda-moldovei-19-miliarde-de-euro-marea-majoritate-sub-forma-de-imprumuturi-si-cu-conditii-stricte-video\/"},"modified":"2025-03-11T21:01:08","modified_gmt":"2025-03-11T19:01:08","slug":"ue-acorda-moldovei-19-miliarde-de-euro-marea-majoritate-sub-forma-de-imprumuturi-si-cu-conditii-stricte-video","status":"publish","type":"post","link":"https:\/\/orheifm.live\/index.php\/2025\/03\/11\/ue-acorda-moldovei-19-miliarde-de-euro-marea-majoritate-sub-forma-de-imprumuturi-si-cu-conditii-stricte-video\/","title":{"rendered":"UE acord\u0103 Moldovei 1,9 miliarde de euro. Marea majoritate sub form\u0103 de \u00eemprumuturi \u0219i cu condi\u021bii stricte |VIDEO"},"content":{"rendered":"<div>\n<p><strong>Parlamentul European a aprobat acordarea unui pachet de ajutor pentru Republica Moldova \u00een valoare de 1,9 miliarde de euro. Ace\u0219ti bani vor fi acorda\u021bi \u021b\u0103rii noastre pe parcursul a trei ani, \u00een principal, sub form\u0103 de \u00eemprumuturi. Dar, pentru a primi ace\u0219ti bani, Republica Moldova va trebui s\u0103 \u00eendeplineasc\u0103 o serie de condi\u021bii.<\/strong><br \/>\n<iframe loading=\"lazy\" title=\"YouTube video player\" src=\"https:\/\/www.youtube.com\/embed\/pGj4XOa4b-s?si=Q9uhvDUAmc65laOq\" width=\"560\" height=\"315\" frameborder=\"0\" allowfullscreen=\"allowfullscreen\"><\/iframe><br \/>\nDac\u0103 acestea nu vor fi respectate, Comisia European\u0103 poate suspenda sau reduce finan\u021barea \u00een orice moment.<\/p>\n<p>Guvernul a numit decizia de ast\u0103zi a Parlamentului European de a acorda Moldovei 1,9 miliarde de euro drept un ajutor \u201ef\u0103r\u0103 precedent\u201d.<\/p>\n<p>Iar pre\u0219edintele Parlamentului, Igor Grosu, a numit votul din Parlamentul European \u201eistoric\u201d.<\/p>\n<p>\u00cens\u0103, \u00een ciuda promov\u0103rii unui pachet de ajutor economic record \u00een \u00eentreaga istorie a independen\u021bei Moldovei, liderii \u021b\u0103rii au preferat s\u0103 nu men\u021bioneze faptul c\u0103 cea mai mare parte din aceste fonduri, \u0219i anume 1,5 miliarde de euro, sunt \u00eemprumuturi.<\/p>\n<p>Moldova va primi doar 520 de milioane de euro sub form\u0103 de granturi. \u0218i dintre acestea, 385 de milioane vor fi sprijin financiar nerambursabil, iar restul de 135 de milioane de euro vor fi alocate pentru acordarea de credite, p\u0103strate \u00een bugetul UE ca garan\u021bie pentru investitori.<\/p>\n<p>De asemenea, conform informa\u021biilor publicate pe site-ul Parlamentului European, 20% din fondurile granturilor vor fi destinate exclusiv consolid\u0103rii institu\u021biilor Moldovei, prin implementarea sistemelor digitale de management sau prin formarea func\u021bionarilor publici.<\/p>\n<p>Cu alte cuvinte, vor fi alocate pentru \u00eentre\u021binerea func\u021bionarilor \u0219i exper\u021bilor str\u0103ini. Pentru proiectele reale din domeniul energetic sau pentru modernizarea drumurilor, crearea de platforme industriale \u0219i deschiderea de noi locuri de munc\u0103 vor fi utilizate \u00een principal fonduri \u00eemprumutate.<\/p>\n<p>Primele sume vor \u00eencepe s\u0103 ajung\u0103 \u00een Republica Moldova \u00een aprilie, iar ini\u021bial vor fi disponibile doar 18% din suma total\u0103 a pachetului.<\/p>\n<p>Pentru a ob\u021bine restul fondurilor, autorit\u0103\u021bile moldovene\u0219ti vor trebui s\u0103 \u00eendeplineasc\u0103 o serie de condi\u021bii stabilite de Bruxelles. De exemplu, acestea trebuie s\u0103 adopte \u0219i s\u0103 implementeze un Program de reforme \u2013 un plan detaliat de m\u0103suri economice, administrative \u0219i legale, care trebuie s\u0103 fie aprobat de Comisia European\u0103.<\/p>\n<p>De asemenea, autorit\u0103\u021bile vor trebui s\u0103 aduc\u0103 legisla\u021bia economic\u0103 \u0219i comercial\u0103 a \u021b\u0103rii \u00een concordan\u021b\u0103 cu standardele UE. Un alt condi\u021bionament este ca Moldova s\u0103 progreseze \u00een decarbonizarea economiei sale \u0219i \u00een tranzi\u021bia c\u0103tre energia verde, urm\u00e2nd obiectivul UE de a atinge neutralitatea climatic\u0103 p\u00e2n\u0103 \u00een 2050.<\/p>\n<p>Printre cerin\u021bele suplimentare se num\u0103r\u0103 o gestionare eficient\u0103 a finan\u021belor publice, men\u021binerea stabilit\u0103\u021bii macroeconomice, implementarea unui sistem de audit financiar \u0219i control pentru a preveni frauda \u0219i utilizarea ineficient\u0103 a banilor europeni, \u0219i altele.<\/p>\n<p>CONDI\u021aII PENTRU OB\u021aINEREA AJUTORULUI FINANCIAR \u00ceN VALOARE DE 1,9 MILIARDE DE EURO<\/p>\n<p>Adoptarea \u0219i implementarea Programului de reforme, aprobat de Comisia European\u0103.<br \/>\nAlinierea legisla\u021biei economice \u0219i comerciale la standardele UE.<\/p>\n<p>\u00cendeplinirea condi\u021biilor pentru decarbonizarea economiei \u0219i tranzi\u021bia la energie verde.<br \/>\nGestionarea eficient\u0103 a finan\u021belor publice, men\u021binerea stabilit\u0103\u021bii macroeconomice, implementarea unui sistem de audit financiar \u0219i control.<\/p>\n<p>Cum men\u021bioneaz\u0103 portalul telegraph.md, Uniunea European\u0103 a stabilit un mecanism strict pentru alocarea fondurilor din pachetul aprobat de 1,9 miliarde de euro. Banii vor fi transfera\u021bi \u00een tran\u0219e semestriale, iar fiecare plat\u0103 va depinde de progresul realiz\u0103rii reformelor.<\/p>\n<p>Dac\u0103 la Bruxelles se va considera c\u0103 Chi\u0219in\u0103ul nu a \u00eendeplinit anumite condi\u021bii sau nu le-a \u00eendeplinit corespunz\u0103tor, Comisia European\u0103 poate suspenda sau reduce finan\u021barea.<\/p>\n<p>Aceast\u0103 practic\u0103 este utilizat\u0103 pe larg de Comisia European\u0103 \u0219i pentru statele membre ale Uniunii: cu o lun\u0103 \u00een urm\u0103, portalul rom\u00e2nesc StartupCafe.ro a raportat c\u0103 Rom\u00e2nia risc\u0103 s\u0103 piard\u0103 10 miliarde de euro din fondurile europene alocate pentru Programul de relansare economic\u0103, deoarece Bucure\u0219tiul a \u00eendeplinit doar 14% din cerin\u021bele Bruxelles-ului.<\/p>\n<\/div>\n","protected":false},"excerpt":{"rendered":"<div><img loading=\"lazy\" decoding=\"async\" width=\"696\" height=\"458\" src=\"https:\/\/canal5.md\/wp-content\/uploads\/2025\/03\/802596-optimized.webp\" class=\"attachment-large size-large wp-post-image\" alt=\"\" srcset=\"https:\/\/canal5.md\/wp-content\/uploads\/2025\/03\/802596-optimized.webp 760w, https:\/\/canal5.md\/wp-content\/uploads\/2025\/03\/802596-300x197-optimized.webp 300w, https:\/\/canal5.md\/wp-content\/uploads\/2025\/03\/802596-696x458-optimized.webp 696w\">Parlamentul European a aprobat acordarea unui pachet de ajutor pentru Republica Moldova \u00een valoare de 1,9 miliarde de euro. Ace\u0219ti bani vor fi acorda\u021bi \u021b\u0103rii noastre pe parcursul a trei ani, \u00een principal, sub form\u0103 de \u00eemprumuturi. Dar, pentru a primi ace\u0219ti bani, Republica Moldova va trebui s\u0103 \u00eendeplineasc\u0103 o serie de condi\u021bii. Dac\u0103 acestea [\u2026]<\/div>\n","protected":false},"author":1,"featured_media":68843,"comment_status":"closed","ping_status":"closed","sticky":false,"template":"","format":"standard","meta":{"jnews-multi-image_gallery":[],"jnews_single_post":[],"jnews_primary_category":[],"jnews_social_meta":[],"jnews_override_counter":[],"footnotes":""},"categories":[23],"tags":[],"class_list":["post-68842","post","type-post","status-publish","format-standard","has-post-thumbnail","hentry","category-politica_ro"],"_links":{"self":[{"href":"https:\/\/orheifm.live\/index.php\/wp-json\/wp\/v2\/posts\/68842","targetHints":{"allow":["GET"]}}],"collection":[{"href":"https:\/\/orheifm.live\/index.php\/wp-json\/wp\/v2\/posts"}],"about":[{"href":"https:\/\/orheifm.live\/index.php\/wp-json\/wp\/v2\/types\/post"}],"author":[{"embeddable":true,"href":"https:\/\/orheifm.live\/index.php\/wp-json\/wp\/v2\/users\/1"}],"replies":[{"embeddable":true,"href":"https:\/\/orheifm.live\/index.php\/wp-json\/wp\/v2\/comments?post=68842"}],"version-history":[{"count":0,"href":"https:\/\/orheifm.live\/index.php\/wp-json\/wp\/v2\/posts\/68842\/revisions"}],"wp:featuredmedia":[{"embeddable":true,"href":"https:\/\/orheifm.live\/index.php\/wp-json\/wp\/v2\/media\/68843"}],"wp:attachment":[{"href":"https:\/\/orheifm.live\/index.php\/wp-json\/wp\/v2\/media?parent=68842"}],"wp:term":[{"taxonomy":"category","embeddable":true,"href":"https:\/\/orheifm.live\/index.php\/wp-json\/wp\/v2\/categories?post=68842"},{"taxonomy":"post_tag","embeddable":true,"href":"https:\/\/orheifm.live\/index.php\/wp-json\/wp\/v2\/tags?post=68842"}],"curies":[{"name":"wp","href":"https:\/\/api.w.org\/{rel}","templated":true}]}}