{"id":68840,"date":"2025-03-11T20:41:27","date_gmt":"2025-03-11T18:41:27","guid":{"rendered":"https:\/\/orheifm.live\/index.php\/2025\/03\/11\/calin-georgescu-nu-poate-candida-la-prezidentiale-curtea-constitutionala-a-blocat-definitiv-candidatura-acestuia\/"},"modified":"2025-03-11T20:41:27","modified_gmt":"2025-03-11T18:41:27","slug":"calin-georgescu-nu-poate-candida-la-prezidentiale-curtea-constitutionala-a-blocat-definitiv-candidatura-acestuia","status":"publish","type":"post","link":"https:\/\/orheifm.live\/index.php\/2025\/03\/11\/calin-georgescu-nu-poate-candida-la-prezidentiale-curtea-constitutionala-a-blocat-definitiv-candidatura-acestuia\/","title":{"rendered":"C\u0103lin Georgescu nu poate candida la preziden\u021biale: Curtea Constitu\u021bional\u0103 a blocat definitiv candidatura acestuia"},"content":{"rendered":"<div>\n<p><strong>\u00centre timp, potrivit informa\u021biilor de ultim\u0103 or\u0103, C\u0103lin Georgescu nu poate candida la preziden\u021biale. Judec\u0103torii Cur\u021bii Constitu\u021bionale a Rom\u00e2niei au blocat definitiv candidatura lui C\u0103lin Georgescu la alegerile preziden\u021biale, dup\u0103 ce acesta a contestat decizia Biroului Electoral Central, informeaz\u0103 realitatea. net.<\/strong><\/p>\n<p>Decizia a fost luat\u0103 cu pu\u021bin timp \u00een urm\u0103, iar \u00een fa\u021ba CCR, \u00een semn de protest s-au adunat mai mul\u021bi sus\u021bin\u0103tori ai candidatului, transmite sursa citat\u0103.<\/p>\n<\/div>\n","protected":false},"excerpt":{"rendered":"<div><img loading=\"lazy\" decoding=\"async\" width=\"696\" height=\"464\" src=\"https:\/\/canal5.md\/wp-content\/uploads\/2024\/11\/calin-georgescu-2-optimized.webp\" class=\"attachment-large size-large wp-post-image\" alt=\"\" srcset=\"https:\/\/canal5.md\/wp-content\/uploads\/2024\/11\/calin-georgescu-2-optimized.webp 799w, https:\/\/canal5.md\/wp-content\/uploads\/2024\/11\/calin-georgescu-2-300x200-optimized.webp 300w, https:\/\/canal5.md\/wp-content\/uploads\/2024\/11\/calin-georgescu-2-768x512-optimized.webp 768w, https:\/\/canal5.md\/wp-content\/uploads\/2024\/11\/calin-georgescu-2-696x464-optimized.webp 696w\">\u00centre timp, potrivit informa\u021biilor de ultim\u0103 or\u0103, C\u0103lin Georgescu nu poate candida la preziden\u021biale. Judec\u0103torii Cur\u021bii Constitu\u021bionale a Rom\u00e2niei au blocat definitiv candidatura lui C\u0103lin Georgescu la alegerile preziden\u021biale, dup\u0103 ce acesta a contestat decizia Biroului Electoral Central, informeaz\u0103 realitatea. net. Decizia a fost luat\u0103 cu pu\u021bin timp \u00een urm\u0103, iar \u00een fa\u021ba CCR, \u00een [\u2026]<\/div>\n","protected":false},"author":1,"featured_media":68841,"comment_status":"closed","ping_status":"closed","sticky":false,"template":"","format":"standard","meta":{"jnews-multi-image_gallery":[],"jnews_single_post":[],"jnews_primary_category":[],"jnews_social_meta":[],"jnews_override_counter":[],"footnotes":""},"categories":[29],"tags":[],"class_list":["post-68840","post","type-post","status-publish","format-standard","has-post-thumbnail","hentry","category-externe_ro"],"_links":{"self":[{"href":"https:\/\/orheifm.live\/index.php\/wp-json\/wp\/v2\/posts\/68840","targetHints":{"allow":["GET"]}}],"collection":[{"href":"https:\/\/orheifm.live\/index.php\/wp-json\/wp\/v2\/posts"}],"about":[{"href":"https:\/\/orheifm.live\/index.php\/wp-json\/wp\/v2\/types\/post"}],"author":[{"embeddable":true,"href":"https:\/\/orheifm.live\/index.php\/wp-json\/wp\/v2\/users\/1"}],"replies":[{"embeddable":true,"href":"https:\/\/orheifm.live\/index.php\/wp-json\/wp\/v2\/comments?post=68840"}],"version-history":[{"count":0,"href":"https:\/\/orheifm.live\/index.php\/wp-json\/wp\/v2\/posts\/68840\/revisions"}],"wp:featuredmedia":[{"embeddable":true,"href":"https:\/\/orheifm.live\/index.php\/wp-json\/wp\/v2\/media\/68841"}],"wp:attachment":[{"href":"https:\/\/orheifm.live\/index.php\/wp-json\/wp\/v2\/media?parent=68840"}],"wp:term":[{"taxonomy":"category","embeddable":true,"href":"https:\/\/orheifm.live\/index.php\/wp-json\/wp\/v2\/categories?post=68840"},{"taxonomy":"post_tag","embeddable":true,"href":"https:\/\/orheifm.live\/index.php\/wp-json\/wp\/v2\/tags?post=68840"}],"curies":[{"name":"wp","href":"https:\/\/api.w.org\/{rel}","templated":true}]}}