{"id":68836,"date":"2025-03-11T17:40:31","date_gmt":"2025-03-11T15:40:31","guid":{"rendered":"https:\/\/orheifm.live\/index.php\/2025\/03\/11\/greva-lucratorilor-feroviari-opreste-circulatia-trenurilor-intre-chisinau-si-kiev\/"},"modified":"2025-03-11T17:40:31","modified_gmt":"2025-03-11T15:40:31","slug":"greva-lucratorilor-feroviari-opreste-circulatia-trenurilor-intre-chisinau-si-kiev","status":"publish","type":"post","link":"https:\/\/orheifm.live\/index.php\/2025\/03\/11\/greva-lucratorilor-feroviari-opreste-circulatia-trenurilor-intre-chisinau-si-kiev\/","title":{"rendered":"Greva lucr\u0103torilor feroviari opre\u0219te circula\u021bia trenurilor \u00eentre Chi\u0219in\u0103u \u0219i Kiev"},"content":{"rendered":"<div>\n<p><strong>Din cauza grevei lucr\u0103torilor feroviari, circula\u021bia trenurilor \u00eentre Chi\u0219in\u0103u \u0219i Kiev a fost oprit\u0103. \u00cen continuare, singurul ora\u0219 accesibil pe calea ferat\u0103 este Bucure\u0219ti.<\/strong><\/p>\n<p>Angaja\u021bii nodului feroviar Ocni\u021ba au \u00eenceput greva duminic\u0103, 9 martie, cer\u00e2nd plata salariilor restante, care nu le-au fost achitate de mai mult de \u0219ase luni. Potrivit pre\u0219edintelui comitetului sindical din Ocni\u021ba, Dumitru Fisiuc, situa\u021bia a devenit insuportabil\u0103.<\/p>\n<p>\u201eConform legii, vom trimite notific\u0103ri de \u00eencetare a activit\u0103\u021bii \u00eencep\u00e2nd cu 10 martie 2025. \u00cendemn\u0103m pe to\u021bi cei care nu s-au al\u0103turat \u00eenc\u0103 s\u0103 ne sus\u021bin\u0103, pentru a ne primi salariile\u201d, a declarat Fisiuc \u00eentr-un mesaj video pe re\u021belele sociale.<\/p>\n<p>El a exprimat sprijin pentru colegii din alte ora\u0219e precum Ungheni, B\u0103l\u021bi \u0219i Basarabeasca, care se confrunt\u0103 cu acelea\u0219i restan\u021be salariale.<\/p>\n<p>Problemele financiare ale C\u0103ilor Ferate din Moldova persist\u0103 de ani buni, iar la \u00eenceputul acestui an, datoria salarial\u0103 ajungea la 191 milioane de lei.<\/p>\n<\/div>\n","protected":false},"excerpt":{"rendered":"<div><img loading=\"lazy\" decoding=\"async\" width=\"696\" height=\"459\" src=\"https:\/\/canal5.md\/wp-content\/uploads\/2025\/03\/88c1566f12f8fbdf634d4a8d03712c42-1024x675-optimized.jpg\" class=\"attachment-large size-large wp-post-image\" alt=\"\" srcset=\"https:\/\/canal5.md\/wp-content\/uploads\/2025\/03\/88c1566f12f8fbdf634d4a8d03712c42-1024x675-optimized.jpg 1024w, https:\/\/canal5.md\/wp-content\/uploads\/2025\/03\/88c1566f12f8fbdf634d4a8d03712c42-300x198-optimized.jpg 300w, https:\/\/canal5.md\/wp-content\/uploads\/2025\/03\/88c1566f12f8fbdf634d4a8d03712c42-768x506-optimized.jpg 768w, https:\/\/canal5.md\/wp-content\/uploads\/2025\/03\/88c1566f12f8fbdf634d4a8d03712c42-696x459-optimized.jpg 696w, https:\/\/canal5.md\/wp-content\/uploads\/2025\/03\/88c1566f12f8fbdf634d4a8d03712c42-1068x704-optimized.jpg 1068w, https:\/\/canal5.md\/wp-content\/uploads\/2025\/03\/88c1566f12f8fbdf634d4a8d03712c42-optimized.jpg 1280w\">Din cauza grevei lucr\u0103torilor feroviari, circula\u021bia trenurilor \u00eentre Chi\u0219in\u0103u \u0219i Kiev a fost oprit\u0103. \u00cen continuare, singurul ora\u0219 accesibil pe calea ferat\u0103 este Bucure\u0219ti. Angaja\u021bii nodului feroviar Ocni\u021ba au \u00eenceput greva duminic\u0103, 9 martie, cer\u00e2nd plata salariilor restante, care nu le-au fost achitate de mai mult de \u0219ase luni. Potrivit pre\u0219edintelui comitetului sindical din Ocni\u021ba, [\u2026]<\/div>\n","protected":false},"author":1,"featured_media":68837,"comment_status":"closed","ping_status":"closed","sticky":false,"template":"","format":"standard","meta":{"jnews-multi-image_gallery":[],"jnews_single_post":[],"jnews_primary_category":[],"jnews_social_meta":[],"jnews_override_counter":[],"footnotes":""},"categories":[30],"tags":[],"class_list":["post-68836","post","type-post","status-publish","format-standard","has-post-thumbnail","hentry","category-social_ro"],"_links":{"self":[{"href":"https:\/\/orheifm.live\/index.php\/wp-json\/wp\/v2\/posts\/68836","targetHints":{"allow":["GET"]}}],"collection":[{"href":"https:\/\/orheifm.live\/index.php\/wp-json\/wp\/v2\/posts"}],"about":[{"href":"https:\/\/orheifm.live\/index.php\/wp-json\/wp\/v2\/types\/post"}],"author":[{"embeddable":true,"href":"https:\/\/orheifm.live\/index.php\/wp-json\/wp\/v2\/users\/1"}],"replies":[{"embeddable":true,"href":"https:\/\/orheifm.live\/index.php\/wp-json\/wp\/v2\/comments?post=68836"}],"version-history":[{"count":0,"href":"https:\/\/orheifm.live\/index.php\/wp-json\/wp\/v2\/posts\/68836\/revisions"}],"wp:featuredmedia":[{"embeddable":true,"href":"https:\/\/orheifm.live\/index.php\/wp-json\/wp\/v2\/media\/68837"}],"wp:attachment":[{"href":"https:\/\/orheifm.live\/index.php\/wp-json\/wp\/v2\/media?parent=68836"}],"wp:term":[{"taxonomy":"category","embeddable":true,"href":"https:\/\/orheifm.live\/index.php\/wp-json\/wp\/v2\/categories?post=68836"},{"taxonomy":"post_tag","embeddable":true,"href":"https:\/\/orheifm.live\/index.php\/wp-json\/wp\/v2\/tags?post=68836"}],"curies":[{"name":"wp","href":"https:\/\/api.w.org\/{rel}","templated":true}]}}