{"id":68826,"date":"2025-03-11T16:00:57","date_gmt":"2025-03-11T14:00:57","guid":{"rendered":"https:\/\/orheifm.live\/index.php\/2025\/03\/11\/sofer-din-cahul-surprins-conducand-cu-162-km-h-pe-traseul-m-3\/"},"modified":"2025-03-11T16:00:57","modified_gmt":"2025-03-11T14:00:57","slug":"sofer-din-cahul-surprins-conducand-cu-162-km-h-pe-traseul-m-3","status":"publish","type":"post","link":"https:\/\/orheifm.live\/index.php\/2025\/03\/11\/sofer-din-cahul-surprins-conducand-cu-162-km-h-pe-traseul-m-3\/","title":{"rendered":"\u0218ofer din Cahul surprins conduc\u00e2nd cu 162 km\/h pe traseul M-3"},"content":{"rendered":"<div>\n<p data-start=\"67\" data-end=\"285\"><strong>Un \u0219ofer \u00een v\u00e2rst\u0103 de 35 de ani, originar din Cahul, a fost surprins de aparatul TruCAM circul\u00e2nd cu o vitez\u0103 de 162 km\/h la volanul unui Mercedes, pe traseul M-3, \u00een apropierea localit\u0103\u021bii Aluatu din raionul Taraclia.<\/strong><\/p>\n<p data-start=\"287\" data-end=\"462\">Pentru dep\u0103\u0219irea limitei de vitez\u0103, conduc\u0103torul auto risc\u0103 o amend\u0103 de p\u00e2n\u0103 la 2.500 de lei \u0219i suspendarea permisului de conducere pentru o perioad\u0103 de 30 p\u00e2n\u0103 la 45 de zile.<\/p>\n<p data-start=\"464\" data-end=\"627\">De la \u00eenceputul anului, pe drumurile din Republica Moldova s-au \u00eenregistrat 89 de accidente rutiere cauzate de vitez\u0103, soldate cu 13 decese \u0219i 107 persoane r\u0103nite.<\/p>\n<p data-start=\"629\" data-end=\"765\" data-is-last-node=\"\" data-is-only-node=\"\">Poli\u021bia \u00eendeamn\u0103 to\u021bi conduc\u0103torii auto s\u0103 respecte limitele de vitez\u0103 \u0219i regulile de circula\u021bie, pentru a preveni tragediile pe \u0219osele.<\/p>\n<\/div>\n","protected":false},"excerpt":{"rendered":"<div><img loading=\"lazy\" decoding=\"async\" width=\"696\" height=\"683\" src=\"https:\/\/canal5.md\/wp-content\/uploads\/2025\/03\/photo_2025-03-11_13-34-19-1024x1005-optimized.jpg\" class=\"attachment-large size-large wp-post-image\" alt=\"\" srcset=\"https:\/\/canal5.md\/wp-content\/uploads\/2025\/03\/photo_2025-03-11_13-34-19-1024x1005-optimized.jpg 1024w, https:\/\/canal5.md\/wp-content\/uploads\/2025\/03\/photo_2025-03-11_13-34-19-300x294-optimized.jpg 300w, https:\/\/canal5.md\/wp-content\/uploads\/2025\/03\/photo_2025-03-11_13-34-19-768x754-optimized.jpg 768w, https:\/\/canal5.md\/wp-content\/uploads\/2025\/03\/photo_2025-03-11_13-34-19-696x683-optimized.jpg 696w, https:\/\/canal5.md\/wp-content\/uploads\/2025\/03\/photo_2025-03-11_13-34-19-1068x1048-optimized.jpg 1068w, https:\/\/canal5.md\/wp-content\/uploads\/2025\/03\/photo_2025-03-11_13-34-19-optimized.jpg 1223w\">Un \u0219ofer \u00een v\u00e2rst\u0103 de 35 de ani, originar din Cahul, a fost surprins de aparatul TruCAM circul\u00e2nd cu o vitez\u0103 de 162 km\/h la volanul unui Mercedes, pe traseul M-3, \u00een apropierea localit\u0103\u021bii Aluatu din raionul Taraclia. Pentru dep\u0103\u0219irea limitei de vitez\u0103, conduc\u0103torul auto risc\u0103 o amend\u0103 de p\u00e2n\u0103 la 2.500 de lei \u0219i [\u2026]<\/div>\n","protected":false},"author":1,"featured_media":68827,"comment_status":"closed","ping_status":"closed","sticky":false,"template":"","format":"standard","meta":{"jnews-multi-image_gallery":[],"jnews_single_post":[],"jnews_primary_category":[],"jnews_social_meta":[],"jnews_override_counter":[],"footnotes":""},"categories":[30],"tags":[],"class_list":["post-68826","post","type-post","status-publish","format-standard","has-post-thumbnail","hentry","category-social_ro"],"_links":{"self":[{"href":"https:\/\/orheifm.live\/index.php\/wp-json\/wp\/v2\/posts\/68826","targetHints":{"allow":["GET"]}}],"collection":[{"href":"https:\/\/orheifm.live\/index.php\/wp-json\/wp\/v2\/posts"}],"about":[{"href":"https:\/\/orheifm.live\/index.php\/wp-json\/wp\/v2\/types\/post"}],"author":[{"embeddable":true,"href":"https:\/\/orheifm.live\/index.php\/wp-json\/wp\/v2\/users\/1"}],"replies":[{"embeddable":true,"href":"https:\/\/orheifm.live\/index.php\/wp-json\/wp\/v2\/comments?post=68826"}],"version-history":[{"count":0,"href":"https:\/\/orheifm.live\/index.php\/wp-json\/wp\/v2\/posts\/68826\/revisions"}],"wp:featuredmedia":[{"embeddable":true,"href":"https:\/\/orheifm.live\/index.php\/wp-json\/wp\/v2\/media\/68827"}],"wp:attachment":[{"href":"https:\/\/orheifm.live\/index.php\/wp-json\/wp\/v2\/media?parent=68826"}],"wp:term":[{"taxonomy":"category","embeddable":true,"href":"https:\/\/orheifm.live\/index.php\/wp-json\/wp\/v2\/categories?post=68826"},{"taxonomy":"post_tag","embeddable":true,"href":"https:\/\/orheifm.live\/index.php\/wp-json\/wp\/v2\/tags?post=68826"}],"curies":[{"name":"wp","href":"https:\/\/api.w.org\/{rel}","templated":true}]}}