{"id":68824,"date":"2025-03-11T15:40:59","date_gmt":"2025-03-11T13:40:59","guid":{"rendered":"https:\/\/orheifm.live\/index.php\/2025\/03\/11\/sofer-moldovean-prins-la-vama-cu-genti-nedeclarate-de-20-000-de-lei\/"},"modified":"2025-03-11T15:40:59","modified_gmt":"2025-03-11T13:40:59","slug":"sofer-moldovean-prins-la-vama-cu-genti-nedeclarate-de-20-000-de-lei","status":"publish","type":"post","link":"https:\/\/orheifm.live\/index.php\/2025\/03\/11\/sofer-moldovean-prins-la-vama-cu-genti-nedeclarate-de-20-000-de-lei\/","title":{"rendered":"\u0218ofer moldovean prins la vam\u0103 cu gen\u021bi nedeclarate de 20.000 de lei"},"content":{"rendered":"<div>\n<p><strong>Un \u0219ofer din Republica Moldova a fost prins la frontiera de stat cu un lot de gen\u021bi de dam\u0103 nedeclarate.<\/strong><\/p>\n<p>Potrivit Serviciului Vamal, incidentul a avut loc la postul vamal Leu\u0219eni, unde un autocar de model Van Hool, care circula din Italia, a fost supus unui control detaliat. \u00cen timpul verific\u0103rii bagajelor personale, au fost descoperite 32 de gen\u021bi de dam\u0103, nedeclarate autorit\u0103\u021bilor vamale, \u00een valoare de aproximativ 20.000 de lei.<\/p>\n<p>\u0218oferul, un cet\u0103\u021bean moldovean \u00een v\u00e2rst\u0103 de 40 de ani, este documentat \u00een acest caz. Bunurile au fost ridicate \u0219i sunt supuse confisc\u0103rii, iar persoana \u00een cauz\u0103 risc\u0103 sanc\u021biuni contraven\u021bionale.<\/p>\n<\/div>\n","protected":false},"excerpt":{"rendered":"<div><img loading=\"lazy\" decoding=\"async\" width=\"696\" height=\"839\" src=\"https:\/\/canal5.md\/wp-content\/uploads\/2025\/03\/437552c91a2ad66ea70ef3f57e44ca40-849x1024-optimized.jpg\" class=\"attachment-large size-large wp-post-image\" alt=\"\" srcset=\"https:\/\/canal5.md\/wp-content\/uploads\/2025\/03\/437552c91a2ad66ea70ef3f57e44ca40-849x1024-optimized.jpg 849w, https:\/\/canal5.md\/wp-content\/uploads\/2025\/03\/437552c91a2ad66ea70ef3f57e44ca40-249x300-optimized.jpg 249w, https:\/\/canal5.md\/wp-content\/uploads\/2025\/03\/437552c91a2ad66ea70ef3f57e44ca40-768x927-optimized.jpg 768w, https:\/\/canal5.md\/wp-content\/uploads\/2025\/03\/437552c91a2ad66ea70ef3f57e44ca40-696x840-optimized.jpg 696w, https:\/\/canal5.md\/wp-content\/uploads\/2025\/03\/437552c91a2ad66ea70ef3f57e44ca40-optimized.jpg 900w\">Un \u0219ofer din Republica Moldova a fost prins la frontiera de stat cu un lot de gen\u021bi de dam\u0103 nedeclarate. Potrivit Serviciului Vamal, incidentul a avut loc la postul vamal Leu\u0219eni, unde un autocar de model Van Hool, care circula din Italia, a fost supus unui control detaliat. \u00cen timpul verific\u0103rii bagajelor personale, au fost [\u2026]<\/div>\n","protected":false},"author":1,"featured_media":68825,"comment_status":"closed","ping_status":"closed","sticky":false,"template":"","format":"standard","meta":{"jnews-multi-image_gallery":[],"jnews_single_post":[],"jnews_primary_category":[],"jnews_social_meta":[],"jnews_override_counter":[],"footnotes":""},"categories":[30],"tags":[],"class_list":["post-68824","post","type-post","status-publish","format-standard","has-post-thumbnail","hentry","category-social_ro"],"_links":{"self":[{"href":"https:\/\/orheifm.live\/index.php\/wp-json\/wp\/v2\/posts\/68824","targetHints":{"allow":["GET"]}}],"collection":[{"href":"https:\/\/orheifm.live\/index.php\/wp-json\/wp\/v2\/posts"}],"about":[{"href":"https:\/\/orheifm.live\/index.php\/wp-json\/wp\/v2\/types\/post"}],"author":[{"embeddable":true,"href":"https:\/\/orheifm.live\/index.php\/wp-json\/wp\/v2\/users\/1"}],"replies":[{"embeddable":true,"href":"https:\/\/orheifm.live\/index.php\/wp-json\/wp\/v2\/comments?post=68824"}],"version-history":[{"count":0,"href":"https:\/\/orheifm.live\/index.php\/wp-json\/wp\/v2\/posts\/68824\/revisions"}],"wp:featuredmedia":[{"embeddable":true,"href":"https:\/\/orheifm.live\/index.php\/wp-json\/wp\/v2\/media\/68825"}],"wp:attachment":[{"href":"https:\/\/orheifm.live\/index.php\/wp-json\/wp\/v2\/media?parent=68824"}],"wp:term":[{"taxonomy":"category","embeddable":true,"href":"https:\/\/orheifm.live\/index.php\/wp-json\/wp\/v2\/categories?post=68824"},{"taxonomy":"post_tag","embeddable":true,"href":"https:\/\/orheifm.live\/index.php\/wp-json\/wp\/v2\/tags?post=68824"}],"curies":[{"name":"wp","href":"https:\/\/api.w.org\/{rel}","templated":true}]}}