{"id":68822,"date":"2025-03-11T15:20:36","date_gmt":"2025-03-11T13:20:36","guid":{"rendered":"https:\/\/orheifm.live\/index.php\/2025\/03\/11\/moldova-se-pregateste-pentru-praf-saharian-atentionare-pentru-astmatici-si-alergici\/"},"modified":"2025-03-11T15:20:36","modified_gmt":"2025-03-11T13:20:36","slug":"moldova-se-pregateste-pentru-praf-saharian-atentionare-pentru-astmatici-si-alergici","status":"publish","type":"post","link":"https:\/\/orheifm.live\/index.php\/2025\/03\/11\/moldova-se-pregateste-pentru-praf-saharian-atentionare-pentru-astmatici-si-alergici\/","title":{"rendered":"Moldova se preg\u0103te\u0219te pentru praf saharian: Aten\u021bionare pentru astmatici \u0219i alergici"},"content":{"rendered":"<div>\n<p><strong>Reprezentan\u021bii Serviciului Hidrometeorologic de Stat avertizeaz\u0103 c\u0103 pe 11 martie un ciclon din Africa va ajunge \u00een Moldova, aduc\u00e2nd cu el un nor de praf saharian. Medicii atrag aten\u021bia c\u0103 acest fenomen poate cauza alergii, \u00een special persoanelor astmatice, alergice sau cu alte probleme respiratorii.<\/strong><\/p>\n<p>\u201ePraful din Sahara poate provoca disconfort, str\u0103nut, prurit pe corp \u0219i chiar tuse seac\u0103 chinuitoare. Persoanele cu astm bron\u0219ic \u0219i femeile \u00eens\u0103rcinate sunt cele mai vulnerabile\u201d, a explicat medicul internist Rodica Ceavdar. Ea recomand\u0103 ca persoanele din grupele de risc s\u0103 poarte m\u0103\u0219ti atunci c\u00e2nd ies afar\u0103 \u0219i s\u0103 \u00ee\u0219i spele m\u00e2inile, fa\u021ba \u0219i cavitatea bucal\u0103 dup\u0103 ce se \u00eentorc \u00een cas\u0103, iar hainele s\u0103 fie scuturate pentru a elimina praful.<\/p>\n<p>Conform prognozelor meteo, \u00een urm\u0103toarele zile temperatura va cre\u0219te p\u00e2n\u0103 la 25 de grade, iar norul de praf va persista p\u00e2n\u0103 pe 13 martie, c\u00e2nd sunt a\u0219teptate ploi. La sf\u00e2r\u0219itul s\u0103pt\u0103m\u00e2nii, vremea se va r\u0103ci, iar temperaturile vor reveni la valorile normale pentru aceast\u0103 perioad\u0103 a anului.<\/p>\n<\/div>\n","protected":false},"excerpt":{"rendered":"<div><img loading=\"lazy\" decoding=\"async\" width=\"696\" height=\"366\" src=\"https:\/\/canal5.md\/wp-content\/uploads\/2025\/03\/280736a8cd8db79c068694d4d4c11195-1024x538-optimized.jpg\" class=\"attachment-large size-large wp-post-image\" alt=\"\" srcset=\"https:\/\/canal5.md\/wp-content\/uploads\/2025\/03\/280736a8cd8db79c068694d4d4c11195-1024x538-optimized.jpg 1024w, https:\/\/canal5.md\/wp-content\/uploads\/2025\/03\/280736a8cd8db79c068694d4d4c11195-300x158-optimized.jpg 300w, https:\/\/canal5.md\/wp-content\/uploads\/2025\/03\/280736a8cd8db79c068694d4d4c11195-768x403-optimized.jpg 768w, https:\/\/canal5.md\/wp-content\/uploads\/2025\/03\/280736a8cd8db79c068694d4d4c11195-696x365-optimized.jpg 696w, https:\/\/canal5.md\/wp-content\/uploads\/2025\/03\/280736a8cd8db79c068694d4d4c11195-1068x561-optimized.jpg 1068w, https:\/\/canal5.md\/wp-content\/uploads\/2025\/03\/280736a8cd8db79c068694d4d4c11195-optimized.jpg 1200w\">Reprezentan\u021bii Serviciului Hidrometeorologic de Stat avertizeaz\u0103 c\u0103 pe 11 martie un ciclon din Africa va ajunge \u00een Moldova, aduc\u00e2nd cu el un nor de praf saharian. Medicii atrag aten\u021bia c\u0103 acest fenomen poate cauza alergii, \u00een special persoanelor astmatice, alergice sau cu alte probleme respiratorii. \u201ePraful din Sahara poate provoca disconfort, str\u0103nut, prurit pe corp [\u2026]<\/div>\n","protected":false},"author":1,"featured_media":68823,"comment_status":"closed","ping_status":"closed","sticky":false,"template":"","format":"standard","meta":{"jnews-multi-image_gallery":[],"jnews_single_post":[],"jnews_primary_category":[],"jnews_social_meta":[],"jnews_override_counter":[],"footnotes":""},"categories":[30],"tags":[],"class_list":["post-68822","post","type-post","status-publish","format-standard","has-post-thumbnail","hentry","category-social_ro"],"_links":{"self":[{"href":"https:\/\/orheifm.live\/index.php\/wp-json\/wp\/v2\/posts\/68822","targetHints":{"allow":["GET"]}}],"collection":[{"href":"https:\/\/orheifm.live\/index.php\/wp-json\/wp\/v2\/posts"}],"about":[{"href":"https:\/\/orheifm.live\/index.php\/wp-json\/wp\/v2\/types\/post"}],"author":[{"embeddable":true,"href":"https:\/\/orheifm.live\/index.php\/wp-json\/wp\/v2\/users\/1"}],"replies":[{"embeddable":true,"href":"https:\/\/orheifm.live\/index.php\/wp-json\/wp\/v2\/comments?post=68822"}],"version-history":[{"count":0,"href":"https:\/\/orheifm.live\/index.php\/wp-json\/wp\/v2\/posts\/68822\/revisions"}],"wp:featuredmedia":[{"embeddable":true,"href":"https:\/\/orheifm.live\/index.php\/wp-json\/wp\/v2\/media\/68823"}],"wp:attachment":[{"href":"https:\/\/orheifm.live\/index.php\/wp-json\/wp\/v2\/media?parent=68822"}],"wp:term":[{"taxonomy":"category","embeddable":true,"href":"https:\/\/orheifm.live\/index.php\/wp-json\/wp\/v2\/categories?post=68822"},{"taxonomy":"post_tag","embeddable":true,"href":"https:\/\/orheifm.live\/index.php\/wp-json\/wp\/v2\/tags?post=68822"}],"curies":[{"name":"wp","href":"https:\/\/api.w.org\/{rel}","templated":true}]}}