{"id":68820,"date":"2025-03-11T15:06:12","date_gmt":"2025-03-11T13:06:12","guid":{"rendered":"https:\/\/orheifm.live\/index.php\/2025\/03\/11\/analist-politic-bogdan-duca-romania-risca-sa-devina-un-stat-autoritar-democratia-si-libertatea-sunt-calcate-in-picioare\/"},"modified":"2025-03-11T15:06:12","modified_gmt":"2025-03-11T13:06:12","slug":"analist-politic-bogdan-duca-romania-risca-sa-devina-un-stat-autoritar-democratia-si-libertatea-sunt-calcate-in-picioare","status":"publish","type":"post","link":"https:\/\/orheifm.live\/index.php\/2025\/03\/11\/analist-politic-bogdan-duca-romania-risca-sa-devina-un-stat-autoritar-democratia-si-libertatea-sunt-calcate-in-picioare\/","title":{"rendered":"Analist politic Bogdan Duca: Rom\u00e2nia risc\u0103 s\u0103 devin\u0103 un stat autoritar, democra\u021bia \u0219i libertatea  sunt c\u0103lcate \u00een picioare"},"content":{"rendered":"<div>\n<p><strong>Decizia Biroului Electoral Central de respingere a \u00eenregistr\u0103rii candidaturii lui C\u0103lin Georgescu la alegerile preziden\u021biale este continuarea loviturii de stat \u00een Rom\u00e2nia. De aceast\u0103 p\u0103rere este comentatorul politic de peste Prut Bogdan Duca. \u00centr-un interviu \u00een exclusivitate pentru postul nostru de televiziune acesta a men\u021bionat c\u0103 lumea este \u0219ocat\u0103 de ceea ce se \u00eent\u00e2mpl\u0103 \u00eentr-un stat membru al Uniunii Europene \u0219i NATO \u0219i anume, de faptul c\u0103 democra\u021bia \u0219i libertatea este c\u0103lcat\u0103 \u00een picioare fiind instaurat\u0103 dictatura.\u00a0<\/strong><br \/>\n<iframe loading=\"lazy\" title=\"YouTube video player\" src=\"https:\/\/www.youtube.com\/embed\/hG6V3Cai-54?si=jzTaSs-X1CCBXXV5\" width=\"560\" height=\"315\" frameborder=\"0\" allowfullscreen=\"allowfullscreen\"><\/iframe><\/p>\n<p>Potrivit comentatorului politic de peste Prut Bogdan Duca, situa\u021bia din Rom\u00e2nia este destul de grav\u0103, deoarece, luni, Biroul Electoral Central a ac\u021bionat \u00eempotriva legii, atunci c\u00e2nd a respins \u00eenregistrarea candidaturii lui C\u0103lin Georgescu. Potrivit acestuia, BEC nu are competen\u021ba de a evalua aspecte ideologice ale candidaturilor.<\/p>\n<p>BOGDAN DUCA, comentator politic din Rom\u00e2nia<\/p>\n<p>Decizia BEC, care este o decizie ilegal\u0103 din toate punctele de vedere, pentru c\u0103 BEC nu se poate pronun\u021ba cu privire la dimensiunea aceasta, s\u0103-i spunem ideologic\u0103 a candidaturilor, \u00eentre noi fiind vorba, nici Curte Constitu\u021bional\u0103 nu ar trebui s\u0103 se poat\u0103 pronun\u021ba \u00een acest punct de vedere. Nu a fost altceva dec\u00e2t o \u00eencercare de a livra muni\u021bie Cur\u021bii Constitu\u021bionale pentru a justifica decizia de respingere a candidaturii lui C\u0103lin Georgescu. Situa\u021bia \u00een Rom\u00e2nia este complicat\u0103 \u00eenc\u0103 de pe data de 6 decembrie c\u00e2nd victoria foarte prezizibil\u0103 a lui C\u0103lin Georgescu a determinat statul rom\u00e2n s\u0103 reac\u021bioneze printr-o ac\u021biune ce nu poate calificat\u0103 altfel dec\u00e2t o lovitur\u0103 de stat, m\u0103 refer la decizia Cur\u021bii Constitu\u021bionale din acea zi.<\/p>\n<p>Duca a subliniat c\u0103 respingerea candidaturii lui Georgescu vine dup\u0103 o perioad\u0103 de atacuri constante asupra acestuia din partea presei, inclusiv din partea unor organiza\u021bii asociate cu re\u021beaua Soros \u0219i finan\u021bate de USAID.<\/p>\n<p>BOGDAN DUCA, analist politic de peste Prut<\/p>\n<p>Unicul subiect al atacurilor presei, at\u00e2t presei mainstream, c\u00e2t \u0219i presei a\u0219a zise independent\u0103, dar \u00een fapt asociate at\u00e2t cu re\u021beaua Soros din Rom\u00e2nia, c\u00e2t \u0219i finan\u021bate de USAID \u2013 agen\u021bia de stat american\u0103, toate atacurile l-au vizat pe<\/p>\n<p>candidatul C\u0103lin Georgescu, \u00eens\u0103 surpriz\u0103, sondajele de opinie departe de a ar\u0103ta sc\u0103derea popularit\u0103\u021bii candidatului au ar\u0103tat c\u0103 acesta este c\u00e2\u0219tig\u0103torul, cel mai probabil, mai previzibil al alegerilor preziden\u021biale, at\u00e2t al turului \u00eent\u00e2i al alegerilor preziden\u021biale, c\u00e2t \u0219i al turului doi, de aceea atrebuit s\u0103 apeleze la scenariul doi, practic continuarea loviturii de stat printr-o mi\u0219care de for\u021b\u0103 a institu\u021biilor statului, ceea ce am v\u0103zut practic \u00een decizia de asear\u0103 luat\u0103 de BEC.<\/p>\n<p>\u00centrebat \u00eens\u0103 cum comenteaz\u0103 faptul c\u0103 Uniunea European\u0103 nu a reac\u021bionat \u00een nici un fel la situa\u021bia creat\u0103 \u00een Rom\u00e2nia, Duc\u0103 a precizat c\u0103 motivul ar fi c\u0103 UE dore\u0219te ca \u021bara s\u0103 r\u0103m\u00e2n\u0103 \u00een cadrul european. \u00cen acela\u0219i timp, analistul a \u021binut s\u0103 men\u021bioneze c\u0103 lumea este \u0219ocat\u0103 de ceea ce se \u00eent\u00e2mpl\u0103 \u00eentr-un stat membru al Uniunii Europene \u0219i NATO.<\/p>\n<p>BOGDAN DUCA, analist politic de peste Prut<\/p>\n<p>Motivul este relativ simplu, pe deoparte este evident faptul c\u0103 actuala conducere a Comisiei Europene, doamna Ursula, dar \u0219i ceilal\u021bi comisari europeni sunt oarecum interesa\u021bi ca Rom\u00e2nia s\u0103 nu ias\u0103 din frontul, s\u0103-ui spunem european \u0219i s\u0103 se al\u0103ture de frontului american \u0219tiind faptul c\u0103 Georgescu, c\u00e2t \u0219i tab\u0103ra care \u00eel sus\u021bine sunt mai degrab\u0103 ata\u0219a\u021bi de SUA, dec\u00e2t de felul \u00een care a deviat s-au s-a transformat \u00een modul negativ ideologic Uniunea European\u0103. Pe dealt\u0103 parte Comisia European\u0103 trebuie s\u0103 \u021bin\u0103 cont de faptul c\u0103 UE nu este un bloc monolit, a\u0219a cum \u0219i-ar dori ea. Sunt foarte multe state \u00een UE, sunt foarte mul\u021bi lideri politici din UE care sunt dea dreptul sidera\u021bi de ce v\u0103d \u00een Rom\u00e2nia, de faptul c\u0103 este posibil ca \u00eentr-un stat membru al UE \u0219i al NATO democra\u021bia s\u0103 fie astfel c\u0103lcat\u0103 \u00een picioare \u0219i s\u0103 se asiste la practic instaurarea unei dictaturi.<\/p>\n<p>Bogdan Duca a mai precizat c\u0103 dosarul care a fost ini\u021biat pe numele lui C\u0103lin Georgescu a fost g\u00e2ndit doar ca un fenomen de imagine, pentru a alimenta campania mediatic\u0103 de demonizare a acestuia. Totodat\u0103, el a mai subliniat c\u0103 \u00eempotriva candidatului sunt trei tabere din Rom\u00e2nia, \u0219i anume politicul, partidele: PSD, PNL, UDMS, institu\u021biile de for\u021b\u0103 \u0219i de servicii secrete ale statului rom\u00e2n care se afl\u0103 sub controlul unei influen\u021be democrate, dar \u0219i for\u021ba reprezentat\u0103 de re\u021beaua Soros.<\/p>\n<p>BOGDAN DUCA, analist politic de peste Prut<\/p>\n<p>Practic Rom\u00e2nia a devenit punctul devragic al UE, sa putut vedea inclusiv \u00een reac\u021biile care au venit dinspre diverse figuri importante din tab\u0103ra republican\u0103 \u0219i din partea conducerii actuale a SUA, inclusiv dup\u0103 decizia BEC de ieri. Practic to\u021bi cei care au criticat sau au fost sidera\u021bi de continuarea loviturii de stat la Bucure\u0219ti au f\u0103cut referire la t\u0103cerea Uniunii Europene \u0219i la devierea UE de la valorile democra\u021bie \u0219i libert\u0103\u021bii, valori pe care Washington le consider\u0103 necesare.<\/p>\n<p>Amintim c\u0103, duminic\u0103, 9 martie, Biroul Electoral Central a respins \u00eenregistrarea candidaturii lui C\u0103lin Georgescu, invocat\u0103 fiind lipsa unei semn\u0103turi. Decizia a st\u00e2rnit nemul\u021bumirea sus\u021bin\u0103torilor politicianului. Furia cresuct \u00eentr-at\u00e2t \u00eenc\u00e2t, la un moment dat, protestatarii au \u00eenceput s\u0103 arunce cu petarde \u0219i buc\u0103\u021bi de piatr\u0103, smulse din pavele, \u0219i chiar au dat foc unor obiecte. La r\u00e2ndul lor, for\u021bele de ordine au intervenit cu gaze lacrimogene. Pe re\u021belele de socializarea ap\u0103rut \u0219i un video \u00een care se vede cum jandarmii lovesc o femeie cu bastoane de cauciuc. Protestul s-a finisat cu mai multe dosare \u0219i mai mul\u021bi jandarmi r\u0103ni\u021bi. Autorit\u0103\u021bile rom\u00e2ne nu au anun\u021bat despre victime \u00een r\u00e2ndul protestatarilor.<\/p>\n<\/div>\n","protected":false},"excerpt":{"rendered":"<div><img loading=\"lazy\" decoding=\"async\" width=\"350\" height=\"250\" src=\"https:\/\/canal5.md\/wp-content\/uploads\/2025\/03\/76e7c0664ec1fac6c7c9b5860c8b3c11-ft350250-optimized.jpeg\" class=\"attachment-large size-large wp-post-image\" alt=\"\" srcset=\"https:\/\/canal5.md\/wp-content\/uploads\/2025\/03\/76e7c0664ec1fac6c7c9b5860c8b3c11-ft350250-optimized.jpeg 350w, https:\/\/canal5.md\/wp-content\/uploads\/2025\/03\/76e7c0664ec1fac6c7c9b5860c8b3c11-ft350250-300x214-optimized.jpeg 300w\">Decizia Biroului Electoral Central de respingere a \u00eenregistr\u0103rii candidaturii lui C\u0103lin Georgescu la alegerile preziden\u021biale este continuarea loviturii de stat \u00een Rom\u00e2nia. De aceast\u0103 p\u0103rere este comentatorul politic de peste Prut Bogdan Duca. \u00centr-un interviu \u00een exclusivitate pentru postul nostru de televiziune acesta a men\u021bionat c\u0103 lumea este \u0219ocat\u0103 de ceea ce se \u00eent\u00e2mpl\u0103 \u00eentr-un [\u2026]<\/div>\n","protected":false},"author":1,"featured_media":68821,"comment_status":"closed","ping_status":"closed","sticky":false,"template":"","format":"standard","meta":{"jnews-multi-image_gallery":[],"jnews_single_post":[],"jnews_primary_category":[],"jnews_social_meta":[],"jnews_override_counter":[],"footnotes":""},"categories":[23],"tags":[],"class_list":["post-68820","post","type-post","status-publish","format-standard","has-post-thumbnail","hentry","category-politica_ro"],"_links":{"self":[{"href":"https:\/\/orheifm.live\/index.php\/wp-json\/wp\/v2\/posts\/68820","targetHints":{"allow":["GET"]}}],"collection":[{"href":"https:\/\/orheifm.live\/index.php\/wp-json\/wp\/v2\/posts"}],"about":[{"href":"https:\/\/orheifm.live\/index.php\/wp-json\/wp\/v2\/types\/post"}],"author":[{"embeddable":true,"href":"https:\/\/orheifm.live\/index.php\/wp-json\/wp\/v2\/users\/1"}],"replies":[{"embeddable":true,"href":"https:\/\/orheifm.live\/index.php\/wp-json\/wp\/v2\/comments?post=68820"}],"version-history":[{"count":0,"href":"https:\/\/orheifm.live\/index.php\/wp-json\/wp\/v2\/posts\/68820\/revisions"}],"wp:featuredmedia":[{"embeddable":true,"href":"https:\/\/orheifm.live\/index.php\/wp-json\/wp\/v2\/media\/68821"}],"wp:attachment":[{"href":"https:\/\/orheifm.live\/index.php\/wp-json\/wp\/v2\/media?parent=68820"}],"wp:term":[{"taxonomy":"category","embeddable":true,"href":"https:\/\/orheifm.live\/index.php\/wp-json\/wp\/v2\/categories?post=68820"},{"taxonomy":"post_tag","embeddable":true,"href":"https:\/\/orheifm.live\/index.php\/wp-json\/wp\/v2\/tags?post=68820"}],"curies":[{"name":"wp","href":"https:\/\/api.w.org\/{rel}","templated":true}]}}