{"id":68816,"date":"2025-03-11T14:50:15","date_gmt":"2025-03-11T12:50:15","guid":{"rendered":"https:\/\/orheifm.live\/index.php\/2025\/03\/11\/reprezentantii-gagauziei-cer-interventia-diplomatilor-straini-pentru-apararea-autonomiei-dupa-incidentul-cu-inlocuirea-drapelului\/"},"modified":"2025-03-11T14:50:15","modified_gmt":"2025-03-11T12:50:15","slug":"reprezentantii-gagauziei-cer-interventia-diplomatilor-straini-pentru-apararea-autonomiei-dupa-incidentul-cu-inlocuirea-drapelului","status":"publish","type":"post","link":"https:\/\/orheifm.live\/index.php\/2025\/03\/11\/reprezentantii-gagauziei-cer-interventia-diplomatilor-straini-pentru-apararea-autonomiei-dupa-incidentul-cu-inlocuirea-drapelului\/","title":{"rendered":"Reprezentan\u021bii G\u0103g\u0103uziei cer interven\u021bia diploma\u021bilor str\u0103ini pentru ap\u0103rarea autonomiei, dup\u0103 incidentul cu \u00eenlocuirea drapelului"},"content":{"rendered":"<div>\n<p><strong>Reprezentan\u021bii poporului g\u0103g\u0103uz au lansat un apel deschis c\u0103tre ambasadele acreditate \u00een Republica Moldova, solicit\u00e2nd interven\u021bia acestora \u00een ap\u0103rarea autonomiei G\u0103g\u0103uziei, pe fondul unui incident tensionat din 20 februarie, c\u00e2nd \u00een timpul unei vizite \u00een regiune a prim-ministrului Dorin Recean, drapelul G\u0103g\u0103uziei a fost dat jos \u0219i \u00eenlocuit cu cel al Uniunii Europene. Astfel, \u00een apelul lor, reprezentan\u021bii autonomiei au criticat gestul, consider\u00e2ndu-l o \u201dprovocare deschis\u0103\u201d \u0219i \u201dagresiune politic\u0103\u201d.<\/strong><br \/>\n<iframe loading=\"lazy\" title=\"YouTube video player\" src=\"https:\/\/www.youtube.com\/embed\/iLvm_hziM30?si=gFFImpLS2KTSKlZ1\" width=\"560\" height=\"315\" frameborder=\"0\" allowfullscreen=\"allowfullscreen\"><\/iframe><\/p>\n<p>Apelul deschis c\u0103tre ambasadori a fost publicat de c\u0103tre consilierul ba\u0219canului G\u0103g\u0103uziei, Mihail Vlah pe canalul s\u0103u de Telegram. \u00cen acesta se spune c\u0103 actul reprezint\u0103 o \u00eenc\u0103lcare grav\u0103 a Statutului G\u0103g\u0103uziei \u0219i a Constitu\u021biei Republicii Moldova, precum \u0219i o amenin\u021bare direct\u0103 la adresa istoriei, culturii \u0219i independen\u021bei regiunii \u0219i au acuzat diploma\u021bii de t\u0103cere \u0219i inac\u021biune. (CART IN) \u201dPe 20 februarie, prim-ministrul Dorin Recean a umilit G\u0103g\u0103uzia. El nu doar venit, dar a avut \u0219i o cerin\u021b\u0103, s\u0103 fie dat jos steagul autonomiei noastre, al casei noastre, al poporului nostru, \u0219i s\u0103 fie \u00eenlocuit cu un simbol str\u0103in! Aceasta nu este doar lips\u0103 de respect \u2013 este o provocare deschis\u0103, este agresiune politic\u0103! Este o \u00eencercare de a c\u0103lca \u00een picioare istoria noastr\u0103, cultura noastr\u0103, independen\u021ba noastr\u0103! Acest act reprezint\u0103 o \u00eenc\u0103lcare direct\u0103 a Statutului G\u0103g\u0103uziei, a Constitu\u021biei Republicii Moldova, a fundamentelor democra\u021biei \u0219i drepturilor omului! Este o \u00eencercare de a distruge \u00eens\u0103\u0219i esen\u021ba G\u0103g\u0103uziei! Dar ce auzim \u00een schimb din partea structurilor interna\u021bionale? Din partea corpului diplomatic? T\u0103cere!\u201d, se arat\u0103 \u00een apelul c\u0103tre Ambasade.<\/p>\n<p>\u201dPe 20 februarie, prim-ministrul Dorin Recean a umilit G\u0103g\u0103uzia. El nu doar c\u0103 a venit, dar a venit cu o cerin\u021b\u0103! A cerut s\u0103 fie dat jos steagul autonomiei noastre, al casei noastre, al poporului nostru, \u0219i s\u0103 fie \u00eenlocuit cu un simbol str\u0103in! Aceasta nu este doar lips\u0103 de respect \u2013 este o provocare deschis\u0103, este agresiune politic\u0103! Este o \u00eencercare de a c\u0103lca \u00een picioare istoria noastr\u0103, cultura noastr\u0103, independen\u021ba noastr\u0103! Acest act reprezint\u0103 o \u00eenc\u0103lcare direct\u0103 a Statutului G\u0103g\u0103uziei, a Constitu\u021biei Republicii Moldova, a fundamentelor democra\u021biei \u0219i drepturilor omului! Este o \u00eencercare de a distruge \u00eens\u0103\u0219i esen\u021ba G\u0103g\u0103uziei! Dar ce auzim \u00een schimb din partea structurilor interna\u021bionale? Din partea corpului diplomatic? T\u0103cere!\u201d<\/p>\n<p>Poporul g\u0103g\u0103uz a acuzat t\u0103cerea diploma\u021bilor interna\u021bionali \u0219i a organiza\u021biilor interna\u021bionale, cer\u00e2nd o reac\u021bie clar\u0103 \u0219i o condamnare ferm\u0103 a ac\u021biunilor autorit\u0103\u021bilor moldovene\u0219ti.<\/p>\n<p>\u201dUnde este indignarea voastr\u0103 c\u00e2nd autonomia este sugrumat\u0103? Unde este principiul vostru c\u00e2nd \u00eencearc\u0103 s\u0103 pun\u0103 pe genunchi g\u0103g\u0103uzii? Sau este democra\u021bia doar un slogan comod pentru voi, care func\u021bioneaz\u0103 doar acolo unde este convenabil? Sau \u2013 aceasta este comanda voastr\u0103?! Spunem clar: G\u0103g\u0103uzia este sugrumat\u0103! G\u0103g\u0103uzia este privat\u0103 de drepturile sale legale! \u0218i acest lucru se \u00eent\u00e2mpl\u0103 cu acordul vostru tacit! Dar s\u0103 \u0219ti\u021bi: G\u0103g\u0103uzia nu se va preda! G\u0103g\u0103uzia \u00ee\u0219i aminte\u0219te cum s\u0103 \u00ee\u0219i apere onoarea \u0219i libertatea! \u0218i dac\u0103 ast\u0103zi vor s\u0103 ne ia steagul, m\u00e2ine vor s\u0103 ne ia limba, cultura, autonomia, iar poim\u00e2ine \u2013 \u00eens\u0103\u0219i existen\u021ba!\u201d, se mai arat\u0103 \u00een apel.<\/p>\n<p>Unde este indignarea voastr\u0103 c\u00e2nd autonomia este sugrumat\u0103? Unde este principiul vostru c\u00e2nd \u00eencearc\u0103 s\u0103 pun\u0103 pe genunchi g\u0103g\u0103uzii? Sau este democra\u021bia doar un slogan comod pentru voi, care func\u021bioneaz\u0103 doar acolo unde este convenabil? Sau \u2013 aceasta este comanda voastr\u0103?! Spunem clar: G\u0103g\u0103uzia este sugrumat\u0103! G\u0103g\u0103uzia este privat\u0103 de drepturile sale legale! \u0218i acest lucru se \u00eent\u00e2mpl\u0103 cu acordul vostru tacit! Dar s\u0103 \u0219ti\u021bi: G\u0103g\u0103uzia nu se va preda! G\u0103g\u0103uzia \u00ee\u0219i aminte\u0219te cum s\u0103 \u00ee\u0219i apere onoarea \u0219i libertatea! \u0218i dac\u0103 ast\u0103zi vor s\u0103 ne ia steagul, m\u00e2ine vor s\u0103 ne ia limba, cultura, autonomia, iar poim\u00e2ine \u2013 \u00eens\u0103\u0219i existen\u021ba!<\/p>\n<p>Cererea de sprijin vine \u00eentr-un moment de tensiune politic\u0103, \u00een care autorit\u0103\u021bile din Chi\u0219in\u0103u sunt acuzate de \u00eencerc\u0103ri de subminare a autonomiei regiunii G\u0103g\u0103uze. Astfel, \u00een apelul c\u0103tre misiunile diplomatice, reprezentan\u021bii autonomiei cer condamnarea imediat\u0103 a ac\u021biunilor autorit\u0103\u021bilor moldovene\u0219ti, iar organiza\u021biile interna\u021bionale \u0219i misiunile diplomatice s\u0103 \u00ee\u0219i exprime public pozi\u021bia fa\u021b\u0103 de aceste ac\u021biuni. \u021ainem s\u0103 men\u021bion\u0103m c\u0103, potrivit legisla\u021biei g\u0103g\u0103uze, drapelul autonomiei trebuie s\u0103 fie arborat permanent pe cl\u0103dirile oficiale \u0219i s\u0103 fie prezent \u00een s\u0103lile de \u0219edin\u021be ale institu\u021biilor publice din regiune, \u00een unit\u0103\u021bile de \u00eenv\u0103\u021b\u0103m\u00e2nt (cu excep\u021bia gr\u0103dini\u021belor), \u00een institu\u021biile \u0219tiin\u021bifice \u0219i culturale, precum \u0219i \u00een aeroporturi \u0219i g\u0103ri. \u00cen G\u0103g\u0103uzia a avut loc o serie de proteste cu cererea de demisie a primarului din Vulc\u0103ne\u0219ti, care a permis aceast\u0103 \u00eenc\u0103lcare, \u00eendeplinind dispozi\u021bia serviciului de protocol al prim-ministrului. Din acest motiv, el a fost numit tr\u0103d\u0103tor \u00een autonomie.<\/p>\n<\/div>\n","protected":false},"excerpt":{"rendered":"<div><img decoding=\"async\" width=\"587\" height=\"373\" src=\"https:\/\/canal5.md\/wp-content\/uploads\/2025\/03\/snimok-ekrana_11-3-2025_144934_www.youtube.com_-optimized.jpeg\" class=\"attachment-large size-large wp-post-image\" alt=\"\" loading=\"lazy\" srcset=\"https:\/\/canal5.md\/wp-content\/uploads\/2025\/03\/snimok-ekrana_11-3-2025_144934_www.youtube.com_-optimized.jpeg 587w, https:\/\/canal5.md\/wp-content\/uploads\/2025\/03\/snimok-ekrana_11-3-2025_144934_www.youtube.com_-300x191-optimized.jpeg 300w\">Reprezentan\u021bii poporului g\u0103g\u0103uz au lansat un apel deschis c\u0103tre ambasadele acreditate \u00een Republica Moldova, solicit\u00e2nd interven\u021bia acestora \u00een ap\u0103rarea autonomiei G\u0103g\u0103uziei, pe fondul unui incident tensionat din 20 februarie, c\u00e2nd \u00een timpul unei vizite \u00een regiune a prim-ministrului Dorin Recean, drapelul G\u0103g\u0103uziei a fost dat jos \u0219i \u00eenlocuit cu cel al Uniunii Europene. Astfel, \u00een [\u2026]<\/div>\n","protected":false},"author":1,"featured_media":68817,"comment_status":"closed","ping_status":"closed","sticky":false,"template":"","format":"standard","meta":{"jnews-multi-image_gallery":[],"jnews_single_post":[],"jnews_primary_category":[],"jnews_social_meta":[],"jnews_override_counter":[],"footnotes":""},"categories":[23],"tags":[],"class_list":["post-68816","post","type-post","status-publish","format-standard","has-post-thumbnail","hentry","category-politica_ro"],"_links":{"self":[{"href":"https:\/\/orheifm.live\/index.php\/wp-json\/wp\/v2\/posts\/68816","targetHints":{"allow":["GET"]}}],"collection":[{"href":"https:\/\/orheifm.live\/index.php\/wp-json\/wp\/v2\/posts"}],"about":[{"href":"https:\/\/orheifm.live\/index.php\/wp-json\/wp\/v2\/types\/post"}],"author":[{"embeddable":true,"href":"https:\/\/orheifm.live\/index.php\/wp-json\/wp\/v2\/users\/1"}],"replies":[{"embeddable":true,"href":"https:\/\/orheifm.live\/index.php\/wp-json\/wp\/v2\/comments?post=68816"}],"version-history":[{"count":0,"href":"https:\/\/orheifm.live\/index.php\/wp-json\/wp\/v2\/posts\/68816\/revisions"}],"wp:featuredmedia":[{"embeddable":true,"href":"https:\/\/orheifm.live\/index.php\/wp-json\/wp\/v2\/media\/68817"}],"wp:attachment":[{"href":"https:\/\/orheifm.live\/index.php\/wp-json\/wp\/v2\/media?parent=68816"}],"wp:term":[{"taxonomy":"category","embeddable":true,"href":"https:\/\/orheifm.live\/index.php\/wp-json\/wp\/v2\/categories?post=68816"},{"taxonomy":"post_tag","embeddable":true,"href":"https:\/\/orheifm.live\/index.php\/wp-json\/wp\/v2\/tags?post=68816"}],"curies":[{"name":"wp","href":"https:\/\/api.w.org\/{rel}","templated":true}]}}