{"id":68814,"date":"2025-03-11T14:49:16","date_gmt":"2025-03-11T12:49:16","guid":{"rendered":"https:\/\/orheifm.live\/index.php\/2025\/03\/11\/s-a-scapat-cu-vorba-un-deputat-pas-a-dezvaluit-cu-ce-bani-vor-fi-indexate-pensiile\/"},"modified":"2025-03-11T14:49:16","modified_gmt":"2025-03-11T12:49:16","slug":"s-a-scapat-cu-vorba-un-deputat-pas-a-dezvaluit-cu-ce-bani-vor-fi-indexate-pensiile","status":"publish","type":"post","link":"https:\/\/orheifm.live\/index.php\/2025\/03\/11\/s-a-scapat-cu-vorba-un-deputat-pas-a-dezvaluit-cu-ce-bani-vor-fi-indexate-pensiile\/","title":{"rendered":"S-a sc\u0103pat cu vorba? Un deputat PAS a dezv\u0103luit cu ce bani vor fi indexate pensiile"},"content":{"rendered":"<div>\n<p><strong>PAS ar vrea s\u0103 ne pun\u0103 pe umeri noi datorii pentru a-\u0219i \u00eendeplini promisiunile populiste. Indexarea cu 10 la sut\u0103 a pensiilor ar urma s\u0103 se fac\u0103 din bani \u00eemprumuta\u021bi. Acest lucru l- a l\u0103sat s\u0103 se \u00een\u021beleag\u0103 deputatul PAS, Vasile Gr\u0103dinaru, \ufb01ind \u00eentrebat de vicepre\u0219edintele Coali\u021biei Unitate \u0219i Bun\u0103stare, Rodica Grama, la o emisiune tv, despre sursa banilor pentru adaosurile f\u0103g\u0103duite v\u00e2rstnicilor.\u00a0<\/strong><br \/>\n<iframe loading=\"lazy\" title=\"YouTube video player\" src=\"https:\/\/www.youtube.com\/embed\/GBtM2Mj8dmY?si=tcSK9ab289i4eoMB\" width=\"560\" height=\"315\" frameborder=\"0\" allowfullscreen=\"allowfullscreen\"><\/iframe><\/p>\n<p>RODICA GRAMA, vicepre\u0219edintele Coali\u021biei Unitate \u0219i Bun\u0103stare<\/p>\n<p>Noi vorbim despre ni\u0219te index\u0103ri care se fac din credite din bani \u00eemprumuta\u021bi \u0219i ne l\u0103ud\u0103m c\u0103 a crescut nu \u0219tiu ce adaos la pensie? Atunci c\u00e2nd noi avem, recent un studiu prezentat de domnul Ioni\u021b\u0103 care ne arat\u0103 10 mii de locuri de munc\u0103 pierdute \u00een ultimii ani.<\/p>\n<p>\u2013 O \u00eentrebare de precizare, domnule Gr\u0103dinaru. C\u00e2t, din banii lua\u021bi din credite, se duce la major\u0103ri de pensie?<\/p>\n<p>\u2013 Acuma \u00eemi vine foarte greu s\u0103 spun lucrurile astea.<\/p>\n<p>\u2013 Nu, sunt bani\u00a0 \u00eemprumuta\u021bi, care\u2026<\/p>\n<p>\u2013 \u00cemi vine greu s\u0103 spun acuma acest lucru\u2026 \u00cemi vine greu s\u0103 spun acuma acest lucru, exact ar trebui ministrul Economiei s\u0103 ne spun\u0103 mai multe la acest lucru, dar important este altceva, practic\u00a0 \u00eemprumuturile \u0219i toate granturile, care vin \u00een RM, ele vin pentru proiecte de dezvoltare.<\/p>\n<p>Am contactat Ministerul Muncii pentru a a\ufb02a dac\u0103 a g\u0103sit fonduri pentru indexarea pensiilor cu 10%, la solicitarea pre\u0219edintelui, \u0219i dac\u0103 va \ufb01 accesat un \u00eemprumut pentru aceast\u0103 majorare, dar serviciul de comunicare ne-a recomandat s\u0103 trimitem o solicitare o\ufb01cial\u0103, la care nu am primit \u00eens\u0103 r\u0103spuns. Men\u021bion\u0103m c\u0103, Maia Sandu, f\u0103cea, la sf\u00e2r\u0219itul luni februarie, triumfalistul anun\u021bul legat de pensii, care, de altfel este o ingerin\u021b\u0103 \u00een activitatea guvernului.<\/p>\n<p>Iar ministrul Muncii, Alexei Buzu, a \u0219i cerut mini\u0219trilor s\u0103 \u00eendeplineasc\u0103 aceast\u0103 cerere, lucru care a fost f\u0103cut, de\u0219i \u00een avizul guvernul scria clar c\u0103 nu exist\u0103 fonduri pentru a \u00eendeplini solicitarea. \u00cen aceste condi\u021bii, populist\u0103 poate \ufb01 cali\ufb01cat\u0103 \u0219i promisiunea Maiei Sandu de majorare a pensiilor p\u00e2n\u0103 la 2000 de lei pentru to\u021bi v\u00e2rstnicii. Aloca\u021bia a fost oferit\u0103, dar numai celor cu stagiul complet de cotizare, restul \ufb01ind l\u0103sa\u021bi s\u0103 se descurce singuri cu major\u0103rile de pre\u021b pentru alimente \u0219i servicii, dup\u0103 scumpirea utilit\u0103\u021bilor.<\/p>\n<p>\u00cen plus, actuala putere nu le-a returnat pensionarilor nici ceea ce le-a furat \u00een 2023, atunci c\u00e2nd pensiile au fost indexate cu doar 15 la sut\u0103, de\u0219i in\ufb02a\u021bia era mai mare de 30 de procente. Amintim c\u0103 deputa\u021bii grupului parlamentar \u201dVictorie\u201d au propus majorarea pensiilor cu 15%, argument\u00e2nd c\u0103 indexarea de 10% plani\ufb01cat\u0103 pentru 1 aprilie nu compenseaz\u0103 cre\u0219terea real\u0103 a pre\u021burilor, \u00een condi\u021biile \u00een care produsele, medicamentele \u0219i serviciile comunale devin tot mai scumpe, iar in\ufb02a\u021bia din ultimii ani a redus semni\ufb01cativ nivelul de trai al pensionarilor. Amendamentul o\ufb01cial a fost trimis Comisiei parlamentare pentru protec\u021bie social\u0103, s\u0103n\u0103tate \u0219i familie.<\/p>\n<\/div>\n","protected":false},"excerpt":{"rendered":"<div><img decoding=\"async\" width=\"275\" height=\"183\" src=\"https:\/\/canal5.md\/wp-content\/uploads\/2025\/03\/images-2-1-optimized.jpg\" class=\"attachment-large size-large wp-post-image\" alt=\"\" loading=\"lazy\">PAS ar vrea s\u0103 ne pun\u0103 pe umeri noi datorii pentru a-\u0219i \u00eendeplini promisiunile populiste. Indexarea cu 10 la sut\u0103 a pensiilor ar urma s\u0103 se fac\u0103 din bani \u00eemprumuta\u021bi. Acest lucru l- a l\u0103sat s\u0103 se \u00een\u021beleag\u0103 deputatul PAS, Vasile Gr\u0103dinaru, \ufb01ind \u00eentrebat de vicepre\u0219edintele Coali\u021biei Unitate \u0219i Bun\u0103stare, Rodica Grama, la o emisiune [\u2026]<\/div>\n","protected":false},"author":1,"featured_media":68815,"comment_status":"closed","ping_status":"closed","sticky":false,"template":"","format":"standard","meta":{"jnews-multi-image_gallery":[],"jnews_single_post":[],"jnews_primary_category":[],"jnews_social_meta":[],"jnews_override_counter":[],"footnotes":""},"categories":[23],"tags":[],"class_list":["post-68814","post","type-post","status-publish","format-standard","has-post-thumbnail","hentry","category-politica_ro"],"_links":{"self":[{"href":"https:\/\/orheifm.live\/index.php\/wp-json\/wp\/v2\/posts\/68814","targetHints":{"allow":["GET"]}}],"collection":[{"href":"https:\/\/orheifm.live\/index.php\/wp-json\/wp\/v2\/posts"}],"about":[{"href":"https:\/\/orheifm.live\/index.php\/wp-json\/wp\/v2\/types\/post"}],"author":[{"embeddable":true,"href":"https:\/\/orheifm.live\/index.php\/wp-json\/wp\/v2\/users\/1"}],"replies":[{"embeddable":true,"href":"https:\/\/orheifm.live\/index.php\/wp-json\/wp\/v2\/comments?post=68814"}],"version-history":[{"count":0,"href":"https:\/\/orheifm.live\/index.php\/wp-json\/wp\/v2\/posts\/68814\/revisions"}],"wp:featuredmedia":[{"embeddable":true,"href":"https:\/\/orheifm.live\/index.php\/wp-json\/wp\/v2\/media\/68815"}],"wp:attachment":[{"href":"https:\/\/orheifm.live\/index.php\/wp-json\/wp\/v2\/media?parent=68814"}],"wp:term":[{"taxonomy":"category","embeddable":true,"href":"https:\/\/orheifm.live\/index.php\/wp-json\/wp\/v2\/categories?post=68814"},{"taxonomy":"post_tag","embeddable":true,"href":"https:\/\/orheifm.live\/index.php\/wp-json\/wp\/v2\/tags?post=68814"}],"curies":[{"name":"wp","href":"https:\/\/api.w.org\/{rel}","templated":true}]}}