{"id":68812,"date":"2025-03-11T13:40:55","date_gmt":"2025-03-11T11:40:55","guid":{"rendered":"https:\/\/orheifm.live\/index.php\/2025\/03\/11\/tanar-de-25-de-ani-condamnat-la-2-ani-de-inchisoare-pentru-conducere-in-stare-de-ebrietate\/"},"modified":"2025-03-11T13:40:55","modified_gmt":"2025-03-11T11:40:55","slug":"tanar-de-25-de-ani-condamnat-la-2-ani-de-inchisoare-pentru-conducere-in-stare-de-ebrietate","status":"publish","type":"post","link":"https:\/\/orheifm.live\/index.php\/2025\/03\/11\/tanar-de-25-de-ani-condamnat-la-2-ani-de-inchisoare-pentru-conducere-in-stare-de-ebrietate\/","title":{"rendered":"T\u00e2n\u0103r de 25 de ani condamnat la 2 ani de \u00eenchisoare pentru conducere \u00een stare de ebrietate"},"content":{"rendered":"<div>\n<p><strong>Un t\u00e2n\u0103r de 25 de ani, acuzat de conducerea unui vehicul \u00een stare de ebrietate alcoolic\u0103 \u0219i f\u0103r\u0103 permis de conducere, a fost recent condamnat la 2 ani de \u00eenchisoare.<\/strong><\/p>\n<p>Potrivit acuz\u0103rii, pe 7 mai 2023, \u00een jurul serii, inculpatul, aflat la volanul unui \u201eMitsubishi Lancer\u201d \u00een comuna Ciorescu, a fost oprit de poli\u021bie. \u00cen urma verific\u0103rii actelor, s-a constatat c\u0103 nu de\u021binea permis de conducere. De asemenea, fiind suspectat c\u0103 se afla sub influen\u021ba alcoolului, a fost testat cu alcooltestul \u201eDrager\u201d, care a indicat o concentra\u021bie de 0,36 mg\/l de alcool \u00een aerul expirat, ceea ce corespunde unei st\u0103ri de ebrietate alcoolic\u0103 avansat\u0103, conform Codului Penal al Republicii Moldova.<\/p>\n<p>De asemenea, \u00een noaptea de 27 octombrie 2024, f\u0103r\u0103 permis de conducere, inculpatul a urcat la volanul unui \u201eMercedes\u201d \u0219i, \u00een timp ce se deplasa prin aceea\u0219i localitate, a lovit poarta unei gospod\u0103rii. \u00cen urma acestui incident, a fost testat medical pentru a se stabili nivelul de alcool din s\u00e2nge, iar rezultatul a ar\u0103tat o concentra\u021bie de 1,25 mg\/l de alcool \u00een aerul expirat.<\/p>\n<p>Inculpatul \u0219i-a recunoscut vinov\u0103\u021bia, iar sentin\u021ba pronun\u021bat\u0103 nu este definitiv\u0103 \u0219i poate fi contestat\u0103 cu apel \u00een termen de 15 zile la Curtea de Apel Centru.<\/p>\n<p>De men\u021bionat c\u0103 t\u00e2n\u0103rul nu este la prima abatere de acest tip, fiind condamnat anterior pentru infrac\u021biuni similare.<\/p>\n<\/div>\n","protected":false},"excerpt":{"rendered":"<div><img loading=\"lazy\" decoding=\"async\" width=\"696\" height=\"392\" src=\"https:\/\/canal5.md\/wp-content\/uploads\/2025\/03\/6a92850eed97bb734689e01b4e7dab86a7d4869d83039e3adcccf022130309a7-1024x576-optimized.jpg\" class=\"attachment-large size-large wp-post-image\" alt=\"\" srcset=\"https:\/\/canal5.md\/wp-content\/uploads\/2025\/03\/6a92850eed97bb734689e01b4e7dab86a7d4869d83039e3adcccf022130309a7-1024x576-optimized.jpg 1024w, https:\/\/canal5.md\/wp-content\/uploads\/2025\/03\/6a92850eed97bb734689e01b4e7dab86a7d4869d83039e3adcccf022130309a7-300x169-optimized.jpg 300w, https:\/\/canal5.md\/wp-content\/uploads\/2025\/03\/6a92850eed97bb734689e01b4e7dab86a7d4869d83039e3adcccf022130309a7-768x432-optimized.jpg 768w, https:\/\/canal5.md\/wp-content\/uploads\/2025\/03\/6a92850eed97bb734689e01b4e7dab86a7d4869d83039e3adcccf022130309a7-696x392-optimized.jpg 696w, https:\/\/canal5.md\/wp-content\/uploads\/2025\/03\/6a92850eed97bb734689e01b4e7dab86a7d4869d83039e3adcccf022130309a7-1068x601-optimized.jpg 1068w, https:\/\/canal5.md\/wp-content\/uploads\/2025\/03\/6a92850eed97bb734689e01b4e7dab86a7d4869d83039e3adcccf022130309a7-optimized.jpg 1200w\">Un t\u00e2n\u0103r de 25 de ani, acuzat de conducerea unui vehicul \u00een stare de ebrietate alcoolic\u0103 \u0219i f\u0103r\u0103 permis de conducere, a fost recent condamnat la 2 ani de \u00eenchisoare. Potrivit acuz\u0103rii, pe 7 mai 2023, \u00een jurul serii, inculpatul, aflat la volanul unui \u201eMitsubishi Lancer\u201d \u00een comuna Ciorescu, a fost oprit de poli\u021bie. \u00cen [\u2026]<\/div>\n","protected":false},"author":1,"featured_media":68813,"comment_status":"closed","ping_status":"closed","sticky":false,"template":"","format":"standard","meta":{"jnews-multi-image_gallery":[],"jnews_single_post":[],"jnews_primary_category":[],"jnews_social_meta":[],"jnews_override_counter":[],"footnotes":""},"categories":[30],"tags":[],"class_list":["post-68812","post","type-post","status-publish","format-standard","has-post-thumbnail","hentry","category-social_ro"],"_links":{"self":[{"href":"https:\/\/orheifm.live\/index.php\/wp-json\/wp\/v2\/posts\/68812","targetHints":{"allow":["GET"]}}],"collection":[{"href":"https:\/\/orheifm.live\/index.php\/wp-json\/wp\/v2\/posts"}],"about":[{"href":"https:\/\/orheifm.live\/index.php\/wp-json\/wp\/v2\/types\/post"}],"author":[{"embeddable":true,"href":"https:\/\/orheifm.live\/index.php\/wp-json\/wp\/v2\/users\/1"}],"replies":[{"embeddable":true,"href":"https:\/\/orheifm.live\/index.php\/wp-json\/wp\/v2\/comments?post=68812"}],"version-history":[{"count":0,"href":"https:\/\/orheifm.live\/index.php\/wp-json\/wp\/v2\/posts\/68812\/revisions"}],"wp:featuredmedia":[{"embeddable":true,"href":"https:\/\/orheifm.live\/index.php\/wp-json\/wp\/v2\/media\/68813"}],"wp:attachment":[{"href":"https:\/\/orheifm.live\/index.php\/wp-json\/wp\/v2\/media?parent=68812"}],"wp:term":[{"taxonomy":"category","embeddable":true,"href":"https:\/\/orheifm.live\/index.php\/wp-json\/wp\/v2\/categories?post=68812"},{"taxonomy":"post_tag","embeddable":true,"href":"https:\/\/orheifm.live\/index.php\/wp-json\/wp\/v2\/tags?post=68812"}],"curies":[{"name":"wp","href":"https:\/\/api.w.org\/{rel}","templated":true}]}}