{"id":68806,"date":"2025-03-11T12:40:39","date_gmt":"2025-03-11T10:40:39","guid":{"rendered":"https:\/\/orheifm.live\/index.php\/2025\/03\/11\/incident-violent-in-sturzovca-tanar-retinut-pentru-agresiune-asupra-unui-politist\/"},"modified":"2025-03-11T12:40:39","modified_gmt":"2025-03-11T10:40:39","slug":"incident-violent-in-sturzovca-tanar-retinut-pentru-agresiune-asupra-unui-politist","status":"publish","type":"post","link":"https:\/\/orheifm.live\/index.php\/2025\/03\/11\/incident-violent-in-sturzovca-tanar-retinut-pentru-agresiune-asupra-unui-politist\/","title":{"rendered":"Incident violent \u00een Sturzovca: T\u00e2n\u0103r re\u021binut pentru agresiune asupra unui poli\u021bist"},"content":{"rendered":"<div>\n<p data-sourcepos=\"3:1-3:175\"><strong>Un t\u00e2n\u0103r de 20 de ani a fost re\u021binut de poli\u021bie dup\u0103 ce a agresat un poli\u021bist \u00een localitatea Sturzovca, raionul Glodeni. Incidentul a avut loc ieri sear\u0103, \u00een jurul orei 18:31.<\/strong><\/p>\n<p data-sourcepos=\"5:1-5:209\">Se pare c\u0103 t\u00e2n\u0103rul, aflat sub influen\u021ba alcoolului, avea un conflict mai vechi cu poli\u021bistul de sector. Dup\u0103 ce l-a insultat, t\u00e2n\u0103rul l-a lovit pe poli\u021bist cu pumnul \u00een abdomen \u0219i a \u00eencercat s\u0103 fug\u0103 cu ma\u0219ina.<\/p>\n<p data-sourcepos=\"7:1-7:189\">Poli\u021bistul agresat a solicitat interven\u021bia colegilor s\u0103i, iar t\u00e2n\u0103rul a fost prins \u0219i re\u021binut pentru 72 de ore. Pe numele s\u0103u a fost deschis un dosar penal pentru ultragierea unui poli\u021bist.<\/p>\n<\/div>\n","protected":false},"excerpt":{"rendered":"<div><img loading=\"lazy\" decoding=\"async\" width=\"696\" height=\"392\" src=\"https:\/\/canal5.md\/wp-content\/uploads\/2025\/03\/e07e22cf7cb2b88228b9612b2e52a8e701921c883c211b4068253b3ce37c4d2e-1024x576-optimized.jpg\" class=\"attachment-large size-large wp-post-image\" alt=\"\" srcset=\"https:\/\/canal5.md\/wp-content\/uploads\/2025\/03\/e07e22cf7cb2b88228b9612b2e52a8e701921c883c211b4068253b3ce37c4d2e-1024x576-optimized.jpg 1024w, https:\/\/canal5.md\/wp-content\/uploads\/2025\/03\/e07e22cf7cb2b88228b9612b2e52a8e701921c883c211b4068253b3ce37c4d2e-300x169-optimized.jpg 300w, https:\/\/canal5.md\/wp-content\/uploads\/2025\/03\/e07e22cf7cb2b88228b9612b2e52a8e701921c883c211b4068253b3ce37c4d2e-768x432-optimized.jpg 768w, https:\/\/canal5.md\/wp-content\/uploads\/2025\/03\/e07e22cf7cb2b88228b9612b2e52a8e701921c883c211b4068253b3ce37c4d2e-696x392-optimized.jpg 696w, https:\/\/canal5.md\/wp-content\/uploads\/2025\/03\/e07e22cf7cb2b88228b9612b2e52a8e701921c883c211b4068253b3ce37c4d2e-1068x601-optimized.jpg 1068w, https:\/\/canal5.md\/wp-content\/uploads\/2025\/03\/e07e22cf7cb2b88228b9612b2e52a8e701921c883c211b4068253b3ce37c4d2e-optimized.jpg 1200w\">Un t\u00e2n\u0103r de 20 de ani a fost re\u021binut de poli\u021bie dup\u0103 ce a agresat un poli\u021bist \u00een localitatea Sturzovca, raionul Glodeni. Incidentul a avut loc ieri sear\u0103, \u00een jurul orei 18:31. Se pare c\u0103 t\u00e2n\u0103rul, aflat sub influen\u021ba alcoolului, avea un conflict mai vechi cu poli\u021bistul de sector. Dup\u0103 ce l-a insultat, t\u00e2n\u0103rul l-a [\u2026]<\/div>\n","protected":false},"author":1,"featured_media":68807,"comment_status":"closed","ping_status":"closed","sticky":false,"template":"","format":"standard","meta":{"jnews-multi-image_gallery":[],"jnews_single_post":[],"jnews_primary_category":[],"jnews_social_meta":[],"jnews_override_counter":[],"footnotes":""},"categories":[30],"tags":[],"class_list":["post-68806","post","type-post","status-publish","format-standard","has-post-thumbnail","hentry","category-social_ro"],"_links":{"self":[{"href":"https:\/\/orheifm.live\/index.php\/wp-json\/wp\/v2\/posts\/68806","targetHints":{"allow":["GET"]}}],"collection":[{"href":"https:\/\/orheifm.live\/index.php\/wp-json\/wp\/v2\/posts"}],"about":[{"href":"https:\/\/orheifm.live\/index.php\/wp-json\/wp\/v2\/types\/post"}],"author":[{"embeddable":true,"href":"https:\/\/orheifm.live\/index.php\/wp-json\/wp\/v2\/users\/1"}],"replies":[{"embeddable":true,"href":"https:\/\/orheifm.live\/index.php\/wp-json\/wp\/v2\/comments?post=68806"}],"version-history":[{"count":0,"href":"https:\/\/orheifm.live\/index.php\/wp-json\/wp\/v2\/posts\/68806\/revisions"}],"wp:featuredmedia":[{"embeddable":true,"href":"https:\/\/orheifm.live\/index.php\/wp-json\/wp\/v2\/media\/68807"}],"wp:attachment":[{"href":"https:\/\/orheifm.live\/index.php\/wp-json\/wp\/v2\/media?parent=68806"}],"wp:term":[{"taxonomy":"category","embeddable":true,"href":"https:\/\/orheifm.live\/index.php\/wp-json\/wp\/v2\/categories?post=68806"},{"taxonomy":"post_tag","embeddable":true,"href":"https:\/\/orheifm.live\/index.php\/wp-json\/wp\/v2\/tags?post=68806"}],"curies":[{"name":"wp","href":"https:\/\/api.w.org\/{rel}","templated":true}]}}