{"id":68804,"date":"2025-03-11T12:20:55","date_gmt":"2025-03-11T10:20:55","guid":{"rendered":"https:\/\/orheifm.live\/index.php\/2025\/03\/11\/incendiu-fatal-in-briceni-un-barbat-de-76-de-ani-a-murit-din-cauza-fumatului\/"},"modified":"2025-03-11T12:20:55","modified_gmt":"2025-03-11T10:20:55","slug":"incendiu-fatal-in-briceni-un-barbat-de-76-de-ani-a-murit-din-cauza-fumatului","status":"publish","type":"post","link":"https:\/\/orheifm.live\/index.php\/2025\/03\/11\/incendiu-fatal-in-briceni-un-barbat-de-76-de-ani-a-murit-din-cauza-fumatului\/","title":{"rendered":"Incendiu fatal \u00een Briceni: Un b\u0103rbat de 76 de ani a murit din cauza fumatului"},"content":{"rendered":"<div>\n<p><strong>Un b\u0103rbat de 76 de ani a murit \u00eentr-un incendiu care a izbucnit \u00een diminea\u021ba zilei de 10 martie, cel mai probabil din cauza impruden\u021bei \u00een timpul fumatului. Incidentul a avut loc \u00een satul Colic\u0103u\u021bi, raionul Briceni.<\/strong><\/p>\n<p>Fl\u0103c\u0103rile au distrus bunuri materiale dintr-o camer\u0103 de 12 metri p\u0103tra\u021bi \u0219i au afectat par\u021bial acoperi\u0219ul casei. \u00cen timpul stingerii focului, pompierii au g\u0103sit cadavrul carbonizat al proprietarului.<\/p>\n<p>Conform cercet\u0103rilor Inspectoratului General pentru Situa\u021bii de Urgen\u021b\u0103 (IGSU), incendiul ar fi fost provocat de fumatul nesupravegheat, fiind g\u0103site chibrituri \u0219i mucuri de \u021big\u0103ri la fa\u021ba locului.<\/p>\n<p>IGSU raporteaz\u0103 c\u0103, de la \u00eenceputul anului 2025, au avut loc 401 incendii, soldate cu 43 de decese.<\/p>\n<\/div>\n","protected":false},"excerpt":{"rendered":"<div><img loading=\"lazy\" decoding=\"async\" width=\"696\" height=\"392\" src=\"https:\/\/canal5.md\/wp-content\/uploads\/2025\/03\/e49c39dd3f5a980f239949cad8f14eebfefe26ae584c629c1d9aaf4c45c7b1fb-1024x576-optimized.jpg\" class=\"attachment-large size-large wp-post-image\" alt=\"\" srcset=\"https:\/\/canal5.md\/wp-content\/uploads\/2025\/03\/e49c39dd3f5a980f239949cad8f14eebfefe26ae584c629c1d9aaf4c45c7b1fb-1024x576-optimized.jpg 1024w, https:\/\/canal5.md\/wp-content\/uploads\/2025\/03\/e49c39dd3f5a980f239949cad8f14eebfefe26ae584c629c1d9aaf4c45c7b1fb-300x169-optimized.jpg 300w, https:\/\/canal5.md\/wp-content\/uploads\/2025\/03\/e49c39dd3f5a980f239949cad8f14eebfefe26ae584c629c1d9aaf4c45c7b1fb-768x432-optimized.jpg 768w, https:\/\/canal5.md\/wp-content\/uploads\/2025\/03\/e49c39dd3f5a980f239949cad8f14eebfefe26ae584c629c1d9aaf4c45c7b1fb-696x392-optimized.jpg 696w, https:\/\/canal5.md\/wp-content\/uploads\/2025\/03\/e49c39dd3f5a980f239949cad8f14eebfefe26ae584c629c1d9aaf4c45c7b1fb-1068x601-optimized.jpg 1068w, https:\/\/canal5.md\/wp-content\/uploads\/2025\/03\/e49c39dd3f5a980f239949cad8f14eebfefe26ae584c629c1d9aaf4c45c7b1fb-optimized.jpg 1200w\">Un b\u0103rbat de 76 de ani a murit \u00eentr-un incendiu care a izbucnit \u00een diminea\u021ba zilei de 10 martie, cel mai probabil din cauza impruden\u021bei \u00een timpul fumatului. Incidentul a avut loc \u00een satul Colic\u0103u\u021bi, raionul Briceni. Fl\u0103c\u0103rile au distrus bunuri materiale dintr-o camer\u0103 de 12 metri p\u0103tra\u021bi \u0219i au afectat par\u021bial acoperi\u0219ul casei. \u00cen [\u2026]<\/div>\n","protected":false},"author":1,"featured_media":68805,"comment_status":"closed","ping_status":"closed","sticky":false,"template":"","format":"standard","meta":{"jnews-multi-image_gallery":[],"jnews_single_post":[],"jnews_primary_category":[],"jnews_social_meta":[],"jnews_override_counter":[],"footnotes":""},"categories":[30],"tags":[],"class_list":["post-68804","post","type-post","status-publish","format-standard","has-post-thumbnail","hentry","category-social_ro"],"_links":{"self":[{"href":"https:\/\/orheifm.live\/index.php\/wp-json\/wp\/v2\/posts\/68804","targetHints":{"allow":["GET"]}}],"collection":[{"href":"https:\/\/orheifm.live\/index.php\/wp-json\/wp\/v2\/posts"}],"about":[{"href":"https:\/\/orheifm.live\/index.php\/wp-json\/wp\/v2\/types\/post"}],"author":[{"embeddable":true,"href":"https:\/\/orheifm.live\/index.php\/wp-json\/wp\/v2\/users\/1"}],"replies":[{"embeddable":true,"href":"https:\/\/orheifm.live\/index.php\/wp-json\/wp\/v2\/comments?post=68804"}],"version-history":[{"count":0,"href":"https:\/\/orheifm.live\/index.php\/wp-json\/wp\/v2\/posts\/68804\/revisions"}],"wp:featuredmedia":[{"embeddable":true,"href":"https:\/\/orheifm.live\/index.php\/wp-json\/wp\/v2\/media\/68805"}],"wp:attachment":[{"href":"https:\/\/orheifm.live\/index.php\/wp-json\/wp\/v2\/media?parent=68804"}],"wp:term":[{"taxonomy":"category","embeddable":true,"href":"https:\/\/orheifm.live\/index.php\/wp-json\/wp\/v2\/categories?post=68804"},{"taxonomy":"post_tag","embeddable":true,"href":"https:\/\/orheifm.live\/index.php\/wp-json\/wp\/v2\/tags?post=68804"}],"curies":[{"name":"wp","href":"https:\/\/api.w.org\/{rel}","templated":true}]}}