{"id":68794,"date":"2025-03-11T10:00:44","date_gmt":"2025-03-11T08:00:44","guid":{"rendered":"https:\/\/orheifm.live\/index.php\/2025\/03\/11\/tanar-de-18-ani-condamnat-la-5-ani-de-inchisoare-pentru-jaf-si-agresiune\/"},"modified":"2025-03-11T10:00:44","modified_gmt":"2025-03-11T08:00:44","slug":"tanar-de-18-ani-condamnat-la-5-ani-de-inchisoare-pentru-jaf-si-agresiune","status":"publish","type":"post","link":"https:\/\/orheifm.live\/index.php\/2025\/03\/11\/tanar-de-18-ani-condamnat-la-5-ani-de-inchisoare-pentru-jaf-si-agresiune\/","title":{"rendered":"T\u00e2n\u0103r de 18 ani condamnat la 5 ani de \u00eenchisoare pentru jaf \u0219i agresiune"},"content":{"rendered":"<div>\n<p><strong>Un t\u00e2n\u0103r de 18 ani a fost condamnat la cinci ani de \u00eenchisoare dup\u0103 ce a jefuit \u0219i b\u0103tut doi pensionari. Sentin\u021ba a fost pronun\u021bat\u0103 de Judec\u0103toria Chi\u0219in\u0103u cu sediul la Buiucani.<\/strong><\/p>\n<p>Incidentul a avut loc \u00een august anul trecut, c\u00e2nd t\u00e2n\u0103rul, al\u0103turi de al\u021bi doi complici, a spart un geam \u0219i a p\u0103truns \u00eentr-o cas\u0103 din ora\u0219ul Durle\u0219ti. Proprietarii, un cuplu de 81 \u0219i 75 de ani, dormeau la momentul respectiv. Ace\u0219tia au fost trezi\u021bi, b\u0103tu\u021bi \u0219i jefui\u021bi de 3.000 de lei, 170 de euro, mai multe bijuterii din aur \u0219i un telefon mobil.<\/p>\n<p>T\u00e2n\u0103rul condamnat \u0219i-a recunoscut vinov\u0103\u021bia, iar procesul \u00een cazul complicilor s\u0103i este \u00eenc\u0103 \u00een desf\u0103\u0219urare.<\/p>\n<\/div>\n","protected":false},"excerpt":{"rendered":"<div><img loading=\"lazy\" decoding=\"async\" width=\"696\" height=\"391\" src=\"https:\/\/canal5.md\/wp-content\/uploads\/2025\/03\/7e46f4a8-151e-4c9a-b524-088b6398b7f2_designfrtitlu-2024-08-02t153917.333-optimized.webp\" class=\"attachment-large size-large wp-post-image\" alt=\"\" srcset=\"https:\/\/canal5.md\/wp-content\/uploads\/2025\/03\/7e46f4a8-151e-4c9a-b524-088b6398b7f2_designfrtitlu-2024-08-02t153917.333-optimized.webp 747w, https:\/\/canal5.md\/wp-content\/uploads\/2025\/03\/7e46f4a8-151e-4c9a-b524-088b6398b7f2_designfrtitlu-2024-08-02t153917.333-300x169-optimized.webp 300w, https:\/\/canal5.md\/wp-content\/uploads\/2025\/03\/7e46f4a8-151e-4c9a-b524-088b6398b7f2_designfrtitlu-2024-08-02t153917.333-696x391-optimized.webp 696w\">Un t\u00e2n\u0103r de 18 ani a fost condamnat la cinci ani de \u00eenchisoare dup\u0103 ce a jefuit \u0219i b\u0103tut doi pensionari. Sentin\u021ba a fost pronun\u021bat\u0103 de Judec\u0103toria Chi\u0219in\u0103u cu sediul la Buiucani. Incidentul a avut loc \u00een august anul trecut, c\u00e2nd t\u00e2n\u0103rul, al\u0103turi de al\u021bi doi complici, a spart un geam \u0219i a p\u0103truns \u00eentr-o [\u2026]<\/div>\n","protected":false},"author":1,"featured_media":68795,"comment_status":"closed","ping_status":"closed","sticky":false,"template":"","format":"standard","meta":{"jnews-multi-image_gallery":[],"jnews_single_post":[],"jnews_primary_category":[],"jnews_social_meta":[],"jnews_override_counter":[],"footnotes":""},"categories":[30],"tags":[],"class_list":["post-68794","post","type-post","status-publish","format-standard","has-post-thumbnail","hentry","category-social_ro"],"_links":{"self":[{"href":"https:\/\/orheifm.live\/index.php\/wp-json\/wp\/v2\/posts\/68794","targetHints":{"allow":["GET"]}}],"collection":[{"href":"https:\/\/orheifm.live\/index.php\/wp-json\/wp\/v2\/posts"}],"about":[{"href":"https:\/\/orheifm.live\/index.php\/wp-json\/wp\/v2\/types\/post"}],"author":[{"embeddable":true,"href":"https:\/\/orheifm.live\/index.php\/wp-json\/wp\/v2\/users\/1"}],"replies":[{"embeddable":true,"href":"https:\/\/orheifm.live\/index.php\/wp-json\/wp\/v2\/comments?post=68794"}],"version-history":[{"count":0,"href":"https:\/\/orheifm.live\/index.php\/wp-json\/wp\/v2\/posts\/68794\/revisions"}],"wp:featuredmedia":[{"embeddable":true,"href":"https:\/\/orheifm.live\/index.php\/wp-json\/wp\/v2\/media\/68795"}],"wp:attachment":[{"href":"https:\/\/orheifm.live\/index.php\/wp-json\/wp\/v2\/media?parent=68794"}],"wp:term":[{"taxonomy":"category","embeddable":true,"href":"https:\/\/orheifm.live\/index.php\/wp-json\/wp\/v2\/categories?post=68794"},{"taxonomy":"post_tag","embeddable":true,"href":"https:\/\/orheifm.live\/index.php\/wp-json\/wp\/v2\/tags?post=68794"}],"curies":[{"name":"wp","href":"https:\/\/api.w.org\/{rel}","templated":true}]}}