{"id":68792,"date":"2025-03-11T09:40:29","date_gmt":"2025-03-11T07:40:29","guid":{"rendered":"https:\/\/orheifm.live\/index.php\/2025\/03\/11\/pericol-pe-strada-un-copil-traverseaza-printre-masini-pentru-a-urca-intr-un-vehicul-stationat\/"},"modified":"2025-03-11T09:40:29","modified_gmt":"2025-03-11T07:40:29","slug":"pericol-pe-strada-un-copil-traverseaza-printre-masini-pentru-a-urca-intr-un-vehicul-stationat","status":"publish","type":"post","link":"https:\/\/orheifm.live\/index.php\/2025\/03\/11\/pericol-pe-strada-un-copil-traverseaza-printre-masini-pentru-a-urca-intr-un-vehicul-stationat\/","title":{"rendered":"Pericol pe strad\u0103: Un copil traverseaz\u0103 printre ma\u0219ini pentru a urca \u00eentr-un vehicul sta\u021bionat"},"content":{"rendered":"<div>\n<p><strong>Incon\u0219tien\u021b\u0103 \u00een trafic! Un copil a fost filmat f\u0103c\u00e2nd slalom printre ma\u0219ini pe o strad\u0103 aglomerat\u0103 din Capital\u0103, \u00eencerc\u00e2nd s\u0103 urce \u00eentr-una care sta\u021biona.<\/strong><\/p>\n<p>Imaginile, filmate de un internaut \u0219i distribuite pe o re\u021bea social\u0103, arat\u0103 cum b\u0103iatul traverseaz\u0103 strada cu vitez\u0103, chiar \u00een fa\u021ba unor vehicule care circulau \u00eencet.<\/p>\n<p>Copilul a urcat \u00eentr-un vehicul sta\u021bionat chiar \u00een mijlocul str\u0103zii. Incidentul a avut loc la doar c\u00e2\u021biva metri de pasajul subteran de la intersec\u021bia str\u0103zilor Calea Ie\u0219ilor \u0219i Ion Creang\u0103. P\u00e2n\u0103 \u00een acest moment, Poli\u021bia nu a comentat situa\u021bia.<\/p>\n<\/div>\n","protected":false},"excerpt":{"rendered":"<div><img loading=\"lazy\" decoding=\"async\" width=\"516\" height=\"450\" src=\"https:\/\/canal5.md\/wp-content\/uploads\/2025\/03\/snimok-ekrana_11-3-2025_9457_tv8.md_-optimized.jpeg\" class=\"attachment-large size-large wp-post-image\" alt=\"\" srcset=\"https:\/\/canal5.md\/wp-content\/uploads\/2025\/03\/snimok-ekrana_11-3-2025_9457_tv8.md_-optimized.jpeg 516w, https:\/\/canal5.md\/wp-content\/uploads\/2025\/03\/snimok-ekrana_11-3-2025_9457_tv8.md_-300x262-optimized.jpeg 300w\">Incon\u0219tien\u021b\u0103 \u00een trafic! Un copil a fost filmat f\u0103c\u00e2nd slalom printre ma\u0219ini pe o strad\u0103 aglomerat\u0103 din Capital\u0103, \u00eencerc\u00e2nd s\u0103 urce \u00eentr-una care sta\u021biona. Imaginile, filmate de un internaut \u0219i distribuite pe o re\u021bea social\u0103, arat\u0103 cum b\u0103iatul traverseaz\u0103 strada cu vitez\u0103, chiar \u00een fa\u021ba unor vehicule care circulau \u00eencet. Copilul a urcat \u00eentr-un vehicul [\u2026]<\/div>\n","protected":false},"author":1,"featured_media":68793,"comment_status":"closed","ping_status":"closed","sticky":false,"template":"","format":"standard","meta":{"jnews-multi-image_gallery":[],"jnews_single_post":[],"jnews_primary_category":[],"jnews_social_meta":[],"jnews_override_counter":[],"footnotes":""},"categories":[30],"tags":[],"class_list":["post-68792","post","type-post","status-publish","format-standard","has-post-thumbnail","hentry","category-social_ro"],"_links":{"self":[{"href":"https:\/\/orheifm.live\/index.php\/wp-json\/wp\/v2\/posts\/68792","targetHints":{"allow":["GET"]}}],"collection":[{"href":"https:\/\/orheifm.live\/index.php\/wp-json\/wp\/v2\/posts"}],"about":[{"href":"https:\/\/orheifm.live\/index.php\/wp-json\/wp\/v2\/types\/post"}],"author":[{"embeddable":true,"href":"https:\/\/orheifm.live\/index.php\/wp-json\/wp\/v2\/users\/1"}],"replies":[{"embeddable":true,"href":"https:\/\/orheifm.live\/index.php\/wp-json\/wp\/v2\/comments?post=68792"}],"version-history":[{"count":0,"href":"https:\/\/orheifm.live\/index.php\/wp-json\/wp\/v2\/posts\/68792\/revisions"}],"wp:featuredmedia":[{"embeddable":true,"href":"https:\/\/orheifm.live\/index.php\/wp-json\/wp\/v2\/media\/68793"}],"wp:attachment":[{"href":"https:\/\/orheifm.live\/index.php\/wp-json\/wp\/v2\/media?parent=68792"}],"wp:term":[{"taxonomy":"category","embeddable":true,"href":"https:\/\/orheifm.live\/index.php\/wp-json\/wp\/v2\/categories?post=68792"},{"taxonomy":"post_tag","embeddable":true,"href":"https:\/\/orheifm.live\/index.php\/wp-json\/wp\/v2\/tags?post=68792"}],"curies":[{"name":"wp","href":"https:\/\/api.w.org\/{rel}","templated":true}]}}