{"id":68786,"date":"2025-03-10T23:21:02","date_gmt":"2025-03-10T21:21:02","guid":{"rendered":"https:\/\/orheifm.live\/index.php\/2025\/03\/10\/microplasticele-impiedica-fotosinteza-plantelor-potrivit-unui-nou-studiu-milioane-de-oameni-in-pericol-de-foamete\/"},"modified":"2025-03-10T23:21:02","modified_gmt":"2025-03-10T21:21:02","slug":"microplasticele-impiedica-fotosinteza-plantelor-potrivit-unui-nou-studiu-milioane-de-oameni-in-pericol-de-foamete","status":"publish","type":"post","link":"https:\/\/orheifm.live\/index.php\/2025\/03\/10\/microplasticele-impiedica-fotosinteza-plantelor-potrivit-unui-nou-studiu-milioane-de-oameni-in-pericol-de-foamete\/","title":{"rendered":"Microplasticele \u00eempiedic\u0103 fotosinteza plantelor, potrivit unui nou studiu. Milioane de oameni, \u00een pericol de foamete"},"content":{"rendered":"<div>\n<p><strong>Poluarea cu microplastice afecteaz\u0103 grav recoltele de alimente, reduc\u00e2nd capacitatea plantelor de a efectua fotosinteza, conform unui nou studiu citat de <em>The Guardian<\/em>. Cercet\u0103rile estimeaz\u0103 c\u0103 \u00eentre 4% \u0219i 14% din produc\u021biile globale de gr\u00e2u, orez \u0219i porumb sunt pierdute din cauza particulelor de microplastice. <\/strong><\/p>\n<p>Acest impact ar putea deveni \u0219i mai grav pe m\u0103sur\u0103 ce microplasticele continu\u0103 s\u0103 se adune \u00een mediu, avertizeaz\u0103 oamenii de \u0219tiin\u021b\u0103. \u00cen 2022, 700 de milioane de oameni au fost afecta\u021bi de foamete, iar cercet\u0103torii estimeaz\u0103 c\u0103 num\u0103rul acestora ar putea cre\u0219te cu \u00eenc\u0103 400 de milioane \u00een urm\u0103torii 20 de ani din cauza polu\u0103rii cu microplastice, un scenariu alarmant pentru securitatea alimentar\u0103 global\u0103.<\/p>\n<p>De asemenea, microplasticele au p\u0103truns \u00een \u00eentregul ecosistem global, afect\u00e2nd solurile \u0219i plantele, iar impactul lor asupra s\u0103n\u0103t\u0103\u021bii umane r\u0103m\u00e2ne \u00een mare parte necunoscut, fiind legat de afec\u021biuni grave, precum accidente vasculare cerebrale \u0219i atacuri de cord.<\/p>\n<\/div>\n","protected":false},"excerpt":{"rendered":"<div><img loading=\"lazy\" decoding=\"async\" width=\"696\" height=\"393\" src=\"https:\/\/canal5.md\/wp-content\/uploads\/2025\/03\/ytniztlhotyzyte0yzvmndc5yzy3njqyndk4mdg2ma.thumb_-optimized.jpg\" class=\"attachment-large size-large wp-post-image\" alt=\"\" srcset=\"https:\/\/canal5.md\/wp-content\/uploads\/2025\/03\/ytniztlhotyzyte0yzvmndc5yzy3njqyndk4mdg2ma.thumb_-optimized.jpg 780w, https:\/\/canal5.md\/wp-content\/uploads\/2025\/03\/ytniztlhotyzyte0yzvmndc5yzy3njqyndk4mdg2ma.thumb_-300x169-optimized.jpg 300w, https:\/\/canal5.md\/wp-content\/uploads\/2025\/03\/ytniztlhotyzyte0yzvmndc5yzy3njqyndk4mdg2ma.thumb_-768x433-optimized.jpg 768w, https:\/\/canal5.md\/wp-content\/uploads\/2025\/03\/ytniztlhotyzyte0yzvmndc5yzy3njqyndk4mdg2ma.thumb_-696x393-optimized.jpg 696w\">Poluarea cu microplastice afecteaz\u0103 grav recoltele de alimente, reduc\u00e2nd capacitatea plantelor de a efectua fotosinteza, conform unui nou studiu citat de The Guardian. Cercet\u0103rile estimeaz\u0103 c\u0103 \u00eentre 4% \u0219i 14% din produc\u021biile globale de gr\u00e2u, orez \u0219i porumb sunt pierdute din cauza particulelor de microplastice. Acest impact ar putea deveni \u0219i mai grav pe m\u0103sur\u0103 [\u2026]<\/div>\n","protected":false},"author":1,"featured_media":68787,"comment_status":"closed","ping_status":"closed","sticky":false,"template":"","format":"standard","meta":{"jnews-multi-image_gallery":[],"jnews_single_post":[],"jnews_primary_category":[],"jnews_social_meta":[],"jnews_override_counter":[],"footnotes":""},"categories":[29],"tags":[],"class_list":["post-68786","post","type-post","status-publish","format-standard","has-post-thumbnail","hentry","category-externe_ro"],"_links":{"self":[{"href":"https:\/\/orheifm.live\/index.php\/wp-json\/wp\/v2\/posts\/68786","targetHints":{"allow":["GET"]}}],"collection":[{"href":"https:\/\/orheifm.live\/index.php\/wp-json\/wp\/v2\/posts"}],"about":[{"href":"https:\/\/orheifm.live\/index.php\/wp-json\/wp\/v2\/types\/post"}],"author":[{"embeddable":true,"href":"https:\/\/orheifm.live\/index.php\/wp-json\/wp\/v2\/users\/1"}],"replies":[{"embeddable":true,"href":"https:\/\/orheifm.live\/index.php\/wp-json\/wp\/v2\/comments?post=68786"}],"version-history":[{"count":0,"href":"https:\/\/orheifm.live\/index.php\/wp-json\/wp\/v2\/posts\/68786\/revisions"}],"wp:featuredmedia":[{"embeddable":true,"href":"https:\/\/orheifm.live\/index.php\/wp-json\/wp\/v2\/media\/68787"}],"wp:attachment":[{"href":"https:\/\/orheifm.live\/index.php\/wp-json\/wp\/v2\/media?parent=68786"}],"wp:term":[{"taxonomy":"category","embeddable":true,"href":"https:\/\/orheifm.live\/index.php\/wp-json\/wp\/v2\/categories?post=68786"},{"taxonomy":"post_tag","embeddable":true,"href":"https:\/\/orheifm.live\/index.php\/wp-json\/wp\/v2\/tags?post=68786"}],"curies":[{"name":"wp","href":"https:\/\/api.w.org\/{rel}","templated":true}]}}