{"id":68784,"date":"2025-03-10T22:57:38","date_gmt":"2025-03-10T20:57:38","guid":{"rendered":"https:\/\/orheifm.live\/index.php\/2025\/03\/10\/viata-papei-francisc-nu-mai-este-in-pericol-anunta-vaticanul\/"},"modified":"2025-03-10T22:57:38","modified_gmt":"2025-03-10T20:57:38","slug":"viata-papei-francisc-nu-mai-este-in-pericol-anunta-vaticanul","status":"publish","type":"post","link":"https:\/\/orheifm.live\/index.php\/2025\/03\/10\/viata-papei-francisc-nu-mai-este-in-pericol-anunta-vaticanul\/","title":{"rendered":"Via\u0163a Papei Francisc nu mai este \u00een pericol, anun\u0163\u0103 Vaticanul"},"content":{"rendered":"<div>\n<p><strong>Starea de s\u0103n\u0103tate a Papei Francisc, care a fost spitalizat de mai bine de trei s\u0103pt\u0103m\u00e2ni din cauza unei pneumonii severe, s-a \u00eembun\u0103t\u0103\u021bit semnificativ, iar via\u021ba sa nu mai este \u00een pericol, conform unui comunicat al Vaticanului din aceast\u0103 luni. Potrivit autorit\u0103\u021bilor, Suveranul Pontif a avut o \u201enoapte calm\u0103\u201d la spital \u0219i le-a mul\u021bumit medicilor pentru \u00eengrijirea acordat\u0103, exprim\u00e2ndu-\u0219i recuno\u0219tin\u021ba fa\u021b\u0103 de \u00eentregul personal medical<\/strong>.<\/p>\n<p>Vaticanul a precizat c\u0103 starea de s\u0103n\u0103tate a Papei, care a \u00eenceput s\u0103 r\u0103spund\u0103 bine la tratamentul administrat pentru o dubl\u0103 pneumonie, a \u00eenregistrat \u201eamelior\u0103ri u\u0219oare\u201d \u00een weekend. \u201ePapa a petrecut o noapte calm\u0103. Se odihne\u0219te\u201d, se men\u021bioneaz\u0103 \u00een ultimul buletin de s\u0103n\u0103tate emis de Vatican luni diminea\u021ba. Duminic\u0103, Suveranul Pontif a transmis un mesaj scris pentru rug\u0103ciunea Angelus, \u00een care le-a mul\u021bumit celor care se ofer\u0103 voluntari pentru a ajuta persoanele aflate \u00een nevoie, l\u0103ud\u00e2ndu-le \u201eapropierea \u0219i tandre\u021bea\u201d.<\/p>\n<p>De asemenea, Papa a subliniat c\u0103 el \u00eensu\u0219i tr\u0103ie\u0219te \u201eexperien\u021ba grijii \u0219i serviciului\u201d \u0219i \u201etandre\u021bea aten\u021biei\u201d, mai ales din partea medicilor \u0219i a personalului de \u00eengrijire, c\u0103rora le-a mul\u021bumit din ad\u00e2ncul sufletului. \u00cen ultimii ani, Papa Francisc, ales Suveran Pontif pe 13 martie 2013, a avut o serie de probleme de s\u0103n\u0103tate, incluz\u00e2nd o opera\u021bie la colon \u00een 2021 \u0219i o hernie \u00een 2023. Cu toate acestea, spitalizarea actual\u0103, cauzat\u0103 de pneumonia sever\u0103, reprezint\u0103 cea mai \u00eendelungat\u0103 \u0219i grav\u0103 spitalizare din pontificatul s\u0103u.<\/p>\n<\/div>\n","protected":false},"excerpt":{"rendered":"<div><img loading=\"lazy\" decoding=\"async\" width=\"696\" height=\"393\" src=\"https:\/\/canal5.md\/wp-content\/uploads\/2025\/03\/pwywztu3oge4ywvlmjk2n2vkytzkm2iyodcxnwiwotyz.thumb_-optimized.jpg\" class=\"attachment-large size-large wp-post-image\" alt=\"\" srcset=\"https:\/\/canal5.md\/wp-content\/uploads\/2025\/03\/pwywztu3oge4ywvlmjk2n2vkytzkm2iyodcxnwiwotyz.thumb_-optimized.jpg 780w, https:\/\/canal5.md\/wp-content\/uploads\/2025\/03\/pwywztu3oge4ywvlmjk2n2vkytzkm2iyodcxnwiwotyz.thumb_-300x169-optimized.jpg 300w, https:\/\/canal5.md\/wp-content\/uploads\/2025\/03\/pwywztu3oge4ywvlmjk2n2vkytzkm2iyodcxnwiwotyz.thumb_-768x433-optimized.jpg 768w, https:\/\/canal5.md\/wp-content\/uploads\/2025\/03\/pwywztu3oge4ywvlmjk2n2vkytzkm2iyodcxnwiwotyz.thumb_-696x393-optimized.jpg 696w\">Starea de s\u0103n\u0103tate a Papei Francisc, care a fost spitalizat de mai bine de trei s\u0103pt\u0103m\u00e2ni din cauza unei pneumonii severe, s-a \u00eembun\u0103t\u0103\u021bit semnificativ, iar via\u021ba sa nu mai este \u00een pericol, conform unui comunicat al Vaticanului din aceast\u0103 luni. Potrivit autorit\u0103\u021bilor, Suveranul Pontif a avut o \u201enoapte calm\u0103\u201d la spital \u0219i le-a mul\u021bumit medicilor [\u2026]<\/div>\n","protected":false},"author":1,"featured_media":68785,"comment_status":"closed","ping_status":"closed","sticky":false,"template":"","format":"standard","meta":{"jnews-multi-image_gallery":[],"jnews_single_post":[],"jnews_primary_category":[],"jnews_social_meta":[],"jnews_override_counter":[],"footnotes":""},"categories":[29],"tags":[],"class_list":["post-68784","post","type-post","status-publish","format-standard","has-post-thumbnail","hentry","category-externe_ro"],"_links":{"self":[{"href":"https:\/\/orheifm.live\/index.php\/wp-json\/wp\/v2\/posts\/68784","targetHints":{"allow":["GET"]}}],"collection":[{"href":"https:\/\/orheifm.live\/index.php\/wp-json\/wp\/v2\/posts"}],"about":[{"href":"https:\/\/orheifm.live\/index.php\/wp-json\/wp\/v2\/types\/post"}],"author":[{"embeddable":true,"href":"https:\/\/orheifm.live\/index.php\/wp-json\/wp\/v2\/users\/1"}],"replies":[{"embeddable":true,"href":"https:\/\/orheifm.live\/index.php\/wp-json\/wp\/v2\/comments?post=68784"}],"version-history":[{"count":0,"href":"https:\/\/orheifm.live\/index.php\/wp-json\/wp\/v2\/posts\/68784\/revisions"}],"wp:featuredmedia":[{"embeddable":true,"href":"https:\/\/orheifm.live\/index.php\/wp-json\/wp\/v2\/media\/68785"}],"wp:attachment":[{"href":"https:\/\/orheifm.live\/index.php\/wp-json\/wp\/v2\/media?parent=68784"}],"wp:term":[{"taxonomy":"category","embeddable":true,"href":"https:\/\/orheifm.live\/index.php\/wp-json\/wp\/v2\/categories?post=68784"},{"taxonomy":"post_tag","embeddable":true,"href":"https:\/\/orheifm.live\/index.php\/wp-json\/wp\/v2\/tags?post=68784"}],"curies":[{"name":"wp","href":"https:\/\/api.w.org\/{rel}","templated":true}]}}