{"id":68780,"date":"2025-03-10T22:28:33","date_gmt":"2025-03-10T20:28:33","guid":{"rendered":"https:\/\/orheifm.live\/index.php\/2025\/03\/10\/curtea-constitutionala-se-reuneste-maine-pentru-a-discuta-contestatia-depusa-de-calin-georgescu-impotriva-deciziei-bec-precum-si-cea-impotriva-candidaturii-lui-nicusor-dan\/"},"modified":"2025-03-10T22:28:33","modified_gmt":"2025-03-10T20:28:33","slug":"curtea-constitutionala-se-reuneste-maine-pentru-a-discuta-contestatia-depusa-de-calin-georgescu-impotriva-deciziei-bec-precum-si-cea-impotriva-candidaturii-lui-nicusor-dan","status":"publish","type":"post","link":"https:\/\/orheifm.live\/index.php\/2025\/03\/10\/curtea-constitutionala-se-reuneste-maine-pentru-a-discuta-contestatia-depusa-de-calin-georgescu-impotriva-deciziei-bec-precum-si-cea-impotriva-candidaturii-lui-nicusor-dan\/","title":{"rendered":"Curtea Constitu\u021bional\u0103 se reune\u0219te m\u00e2ine pentru a discuta contesta\u021bia depus\u0103 de C\u0103lin Georgescu \u00eempotriva deciziei BEC, precum \u0219i cea \u00eempotriva candidaturii lui Nicu\u0219or Dan"},"content":{"rendered":"<div>\n<p><strong>\u0218edinta de judecat\u0103 privind contesta\u021biile \u00een care sunt discutate contesta\u021biile care au leg\u0103tur\u0103 cu alegerile preziden\u021biale va avea loc m\u00e2ine, 11 martie, ora 17:00, a anun\u021bat institu\u021bia. CCR nu men\u021bioneaz\u0103 explicit numele candida\u021bilor, dar precizeaz\u0103 c\u0103 vor fi analizate toate sesiz\u0103rilor \u015fi a celorlalte documente depuse la dosar p\u00e2n\u0103 la data de 11 martie 2025, ora 14:00. P\u00e2n\u0103 acum sunt dou\u0103 sesiz\u0103ri depuse: cea a lui C\u0103lin Georgescu \u00eempotriva deciziei BEC de invalidare a candidaturii \u0219i una anonim\u0103 \u00eempotriva candidaturii lui Nicu\u0219or Dan care a fost validat\u0103 de BEC.<\/strong><\/p>\n<p>\u201eAst\u0103zi, 10 martie 2025, a fost \u00eenregistrat\u0103 la Curtea Constitu\u021bional\u0103 contesta\u021bia formulat\u0103 de domnul C.G. \u00eempotriva Deciziei Biroului Electoral Central nr.18D\/9.03.2025 privind ne\u00eenregistrarea candidaturii independente a domnului GEORGESCU C\u0103lin \u0219i a semnului electoral la alegerile pentru Pre\u0219edintele Rom\u00e2niei din anul 2025\u201d, a transmis CCR.<\/p>\n<p>Alineatul 2 al articolului 31 Legii 370\/2004 pentru alegerea pre\u0219edintelui impune CCR s\u0103 se pronun\u021be asupra contesta\u021biilor \u00een termen de cel mult dou\u0103 zile de la \u00eenregistrare. Contesta\u021bia a fost depus\u0103 luni, \u00een jurul orei 15.30, potrivit afirma\u021biilor lui George Simion. Din acest moment curg cele 48 de ore pentru o decizie CCR, prin urmare aceasta nu poate veni mai t\u00e2rziu de miercuri.<\/p>\n<p>Dac\u0103 Curtea Constitu\u021bional\u0103 \u00eei respinge solicitarea, C\u0103lin Georgescu nu mai are nicio cale legal\u0103 la dispozi\u021bie pentru a fi candidat \u00een alegerile preziden\u021biale din 4\/18 mai.<\/p>\n<p>De asemenea, sesizarea \u00eempotriva lui Nicu\u0219or Dan a fost depus\u0103 luni, prin urmare CCR trebuie s\u0103 se pronun\u021be p\u00e2n\u0103 miercuri. Institu\u021bia nu a precizat cine a depus contesta\u021bia. BEC a validat duminic\u0103 dosarul de candidatur\u0103 al lui Dan.<\/p>\n<p>\u00cen contesta\u0163ie se precizeaz\u0103 c\u0103, de\u015fi Primarul Capitalei a declarat pe propria r\u0103spundere c\u0103 nu a colaborat cu fosta Securitate, CCR este obligat\u0103 s\u0103 verifice veridicitatea aspectelor \u00eenscrise \u00een acest document, c\u00e2nd planeaz\u0103 dubii asupra lor, cu at\u00e2t mai mult cu c\u00e2t \u00een 2022 s-a dovedit, \u00een mod definitiv, c\u0103 un fost pre\u015fedinte al Rom\u00e2niei, Traian B\u0103sescu, a fost turn\u0103tor la Securitate.<\/p>\n<p>\u201d\u00cen concret, la data de 10.06.2024 a circulat \u00een spa\u0163iul public un document prin care s-a ar\u0103tat c\u0103 domnul Nicu\u015for Dan, la v\u00e2rsta de 17 ani, ar fi f\u0103cut poli\u0163ie politic\u0103. Documentul furnizat presei se nume\u015fte \u201dRaport privind \u00eencadrarea informativ\u0103 a cet\u0103\u0163enilor care se deplaseaz\u0103 \u00een Australia, cu ocazia Olimpiadei Interna\u0163ionale de Matematic\u0103\u201d. El este calificat drept \u201dStrict Secret\u201d \u015fi a fost \u00eentocmit \u00eentr-un exemplar unic\u201d, se men\u0163ioneaz\u0103 \u00een contesta\u0163ie.<\/p>\n<p>Lui Nicu\u0219or Dan i se mai repro\u015feaz\u0103 \u201drefuzul sistematic de a pune \u00een executare hot\u0103r\u00e2rile judec\u0103tore\u015fti, care este de natur\u0103 a submina puterea judec\u0103toreasc\u0103 \u00een structura tripartit\u0103 a statului de drept \u015fi implicit func\u0163ionarea optim\u0103 a acestuia\u201d.<\/p>\n<div id=\"div-billboard4\" class=\"inserted-position billboard-4 mobile\" data-ad-requested=\"true\" data-google-query-id=\"CPnFu-OsgIwDFR4ZVQgdAn4dvg\">\n<div id=\"google_ads_iframe_\/22264327084\/hotnews_art\/billboard4_0__container__\"><\/div>\n<\/div>\n<p>\u201eOrice candidat care aspir\u0103 s\u0103 devin\u0103 pre\u015fedinte al Rom\u00e2niei are obliga\u0163ia de a promova integritatea sistemului democratic \u015fi a institu\u0163iilor fundamentale, de a respecta caracterul democratic al statului \u015fi valorile \u015fi principiile pe care acesta se \u00eentemeiaz\u0103, iar nu un exemplu negativ care spore\u015fte ne\u00eencrederea publicului\u201d, se men\u021bioneaz\u0103 \u00een cerere.<\/p>\n<p>Deciziile CCR privind cele dou\u0103 candidaturi sunt definitive \u0219i executorii, prin urmare cei doi nu vor mai avea nicio cale legal\u0103 de atac.<\/p>\n<\/div>\n","protected":false},"excerpt":{"rendered":"<div><img loading=\"lazy\" decoding=\"async\" width=\"696\" height=\"464\" src=\"https:\/\/canal5.md\/wp-content\/uploads\/2025\/03\/id208116_inquam_photos_octav_ganea-1024x683-optimized.webp\" class=\"attachment-large size-large wp-post-image\" alt=\"\" srcset=\"https:\/\/canal5.md\/wp-content\/uploads\/2025\/03\/id208116_inquam_photos_octav_ganea-1024x683-optimized.webp 1024w, https:\/\/canal5.md\/wp-content\/uploads\/2025\/03\/id208116_inquam_photos_octav_ganea-300x200-optimized.webp 300w, https:\/\/canal5.md\/wp-content\/uploads\/2025\/03\/id208116_inquam_photos_octav_ganea-768x512-optimized.webp 768w, https:\/\/canal5.md\/wp-content\/uploads\/2025\/03\/id208116_inquam_photos_octav_ganea-1536x1024-optimized.webp 1536w, https:\/\/canal5.md\/wp-content\/uploads\/2025\/03\/id208116_inquam_photos_octav_ganea-2048x1365-optimized.webp 2048w, https:\/\/canal5.md\/wp-content\/uploads\/2025\/03\/id208116_inquam_photos_octav_ganea-696x464-optimized.webp 696w, https:\/\/canal5.md\/wp-content\/uploads\/2025\/03\/id208116_inquam_photos_octav_ganea-1068x712-optimized.webp 1068w, https:\/\/canal5.md\/wp-content\/uploads\/2025\/03\/id208116_inquam_photos_octav_ganea-1920x1280-optimized.webp 1920w\">\u0218edinta de judecat\u0103 privind contesta\u021biile \u00een care sunt discutate contesta\u021biile care au leg\u0103tur\u0103 cu alegerile preziden\u021biale va avea loc m\u00e2ine, 11 martie, ora 17:00, a anun\u021bat institu\u021bia. CCR nu men\u021bioneaz\u0103 explicit numele candida\u021bilor, dar precizeaz\u0103 c\u0103 vor fi analizate toate sesiz\u0103rilor \u015fi a celorlalte documente depuse la dosar p\u00e2n\u0103 la data de 11 martie 2025, [\u2026]<\/div>\n","protected":false},"author":1,"featured_media":68781,"comment_status":"closed","ping_status":"closed","sticky":false,"template":"","format":"standard","meta":{"jnews-multi-image_gallery":[],"jnews_single_post":[],"jnews_primary_category":[],"jnews_social_meta":[],"jnews_override_counter":[],"footnotes":""},"categories":[29],"tags":[],"class_list":["post-68780","post","type-post","status-publish","format-standard","has-post-thumbnail","hentry","category-externe_ro"],"_links":{"self":[{"href":"https:\/\/orheifm.live\/index.php\/wp-json\/wp\/v2\/posts\/68780","targetHints":{"allow":["GET"]}}],"collection":[{"href":"https:\/\/orheifm.live\/index.php\/wp-json\/wp\/v2\/posts"}],"about":[{"href":"https:\/\/orheifm.live\/index.php\/wp-json\/wp\/v2\/types\/post"}],"author":[{"embeddable":true,"href":"https:\/\/orheifm.live\/index.php\/wp-json\/wp\/v2\/users\/1"}],"replies":[{"embeddable":true,"href":"https:\/\/orheifm.live\/index.php\/wp-json\/wp\/v2\/comments?post=68780"}],"version-history":[{"count":0,"href":"https:\/\/orheifm.live\/index.php\/wp-json\/wp\/v2\/posts\/68780\/revisions"}],"wp:featuredmedia":[{"embeddable":true,"href":"https:\/\/orheifm.live\/index.php\/wp-json\/wp\/v2\/media\/68781"}],"wp:attachment":[{"href":"https:\/\/orheifm.live\/index.php\/wp-json\/wp\/v2\/media?parent=68780"}],"wp:term":[{"taxonomy":"category","embeddable":true,"href":"https:\/\/orheifm.live\/index.php\/wp-json\/wp\/v2\/categories?post=68780"},{"taxonomy":"post_tag","embeddable":true,"href":"https:\/\/orheifm.live\/index.php\/wp-json\/wp\/v2\/tags?post=68780"}],"curies":[{"name":"wp","href":"https:\/\/api.w.org\/{rel}","templated":true}]}}