{"id":68778,"date":"2025-03-10T21:45:26","date_gmt":"2025-03-10T19:45:26","guid":{"rendered":"https:\/\/orheifm.live\/index.php\/2025\/03\/10\/comisia-europeana-refuza-sa-comenteze-respingerea-candidaturii-lui-calin-georgescu-dublu-standard-in-abordarea-proceselor-electorale-din-uniunea-europeana\/"},"modified":"2025-03-10T21:45:26","modified_gmt":"2025-03-10T19:45:26","slug":"comisia-europeana-refuza-sa-comenteze-respingerea-candidaturii-lui-calin-georgescu-dublu-standard-in-abordarea-proceselor-electorale-din-uniunea-europeana","status":"publish","type":"post","link":"https:\/\/orheifm.live\/index.php\/2025\/03\/10\/comisia-europeana-refuza-sa-comenteze-respingerea-candidaturii-lui-calin-georgescu-dublu-standard-in-abordarea-proceselor-electorale-din-uniunea-europeana\/","title":{"rendered":"Comisia European\u0103 refuz\u0103 s\u0103 comenteze respingerea candidaturii lui C\u0103lin Georgescu: Dublu standard \u00een abordarea proceselor electorale din Uniunea European\u0103?"},"content":{"rendered":"<div>\n<p><strong>Comisia European\u0103 a refuzat s\u0103 comenteze respingerea candidaturii lui C\u0103lin Georgescu pentru participarea la alegerile preziden\u021biale din Rom\u00e2nia, motiv\u00e2nd c\u0103 aceasta ar fi o chestiune intern\u0103 a \u021b\u0103rii.<\/strong><br \/>\n<iframe loading=\"lazy\" title=\"YouTube video player\" src=\"https:\/\/www.youtube.com\/embed\/sB78pmrn0zk?si=lZslMpG6VtDKrhBt\" width=\"560\" height=\"315\" frameborder=\"0\" allowfullscreen=\"allowfullscreen\"><\/iframe><br \/>\n\u201eAlegerile \u021bin de competen\u021ba na\u021bional\u0103. Comisia nu comenteaz\u0103 procesul electoral din Rom\u00e2nia, care este o problem\u0103 a autorit\u0103\u021bilor rom\u00e2ne \u0219i a poporului rom\u00e2n\u201d, a declarat purt\u0103torul de cuv\u00e2nt oficial al Comisiei, Markus Lammert. Se pare \u00eens\u0103 c\u0103 autorit\u0103\u021bile Uniunii Europene nu au o abordare echitabil\u0103 fa\u021b\u0103 de procesele electorale fa\u021b\u0103 de toate \u021b\u0103rile , deoarece anterior, de nenum\u0103rate ori au comentat \u0219i chiar au condi\u021bionat scrutine.<\/p>\n<p>Vorbim, bun\u0103oar\u0103, despre declara\u021biile legate de campania electoral\u0103 pentru alegerile europene \u00een Ungaria, din prim\u0103vara anului trecut, c\u00e2nd Bruxelles-ul a anun\u021bat c\u0103 are \u00eendoieli privind etica desf\u0103\u0219ur\u0103rii campaniei \u0219i a invocat probleme legate de accesul la instrumentele de propagand\u0103 electoral\u0103.<\/p>\n<p>\u00cen martie 2024, dup\u0103 alegerile preziden\u021biale din Rusia, \u00cenaltul Reprezentant al UE pentru afaceri externe, Josep Borrell, a venit cu declara\u021bii v\u0103r\u0103 echivoc, critic\u00e2nd procesul de vot, care, dup\u0103 spusele lui, a avut loc \u201e\u00een condi\u021bii de restric\u021bii severe\u201d.<\/p>\n<p>O pozi\u021bie categoric\u0103 oficialii europeni au expus-o \u0219i \u00een cazul alegerilor din toamna anului 2024 din Georgia. Prin rezolu\u021bia adoptat\u0103 atunci, Parlamentul European declara c\u0103 nu consider\u0103 rezultatele alegerilor din aceast\u0103 \u021bar\u0103 ca fiind o reflectare a voin\u021bei poporului Georgian, a \u00eendeamnat s\u0103 nu le recunoasc\u0103 \u0219i a cerut sanc\u021biuni individuale \u00eempotriva oficialilor \u0219i liderilor politici din Georgia.<\/p>\n<p>Iar \u00een februarie curent, tot forul legislativ european a mai adoptat o rezolu\u021bie, numind-o \u201eultimul avertisment\u201d, prin care au transmis autorit\u0103\u021bilor actuale din Georgia c\u0103 nu v\u0103d progrese positive \u00een \u021bar\u0103.<\/p>\n<p>S\u0103 fie oare dublele standarde \u2013 instrumentul de lucru al deciden\u021bilor din UE? Sau \u00een Rom\u00e2nia, unde, a\u0219a cum subliniaz\u0103 exper\u021bii, birocratia de la Bruxelles face eforturi pentru a-l \u00eempiedica pe Georgescu s\u0103 participe la alegeri \u2013 pur \u0219i simplu nu au nimic de spus, c\u0103 doar nu se vor condamna pe ei \u00een\u0219i\u0219i.<\/p>\n<\/div>\n","protected":false},"excerpt":{"rendered":"<div><img loading=\"lazy\" decoding=\"async\" width=\"480\" height=\"270\" src=\"https:\/\/canal5.md\/wp-content\/uploads\/2025\/03\/i-5-optimized.webp\" class=\"attachment-large size-large wp-post-image\" alt=\"\" srcset=\"https:\/\/canal5.md\/wp-content\/uploads\/2025\/03\/i-5-optimized.webp 480w, https:\/\/canal5.md\/wp-content\/uploads\/2025\/03\/i-5-300x169-optimized.webp 300w\">Comisia European\u0103 a refuzat s\u0103 comenteze respingerea candidaturii lui C\u0103lin Georgescu pentru participarea la alegerile preziden\u021biale din Rom\u00e2nia, motiv\u00e2nd c\u0103 aceasta ar fi o chestiune intern\u0103 a \u021b\u0103rii. \u201eAlegerile \u021bin de competen\u021ba na\u021bional\u0103. Comisia nu comenteaz\u0103 procesul electoral din Rom\u00e2nia, care este o problem\u0103 a autorit\u0103\u021bilor rom\u00e2ne \u0219i a poporului rom\u00e2n\u201d, a declarat purt\u0103torul de [\u2026]<\/div>\n","protected":false},"author":1,"featured_media":68779,"comment_status":"closed","ping_status":"closed","sticky":false,"template":"","format":"standard","meta":{"jnews-multi-image_gallery":[],"jnews_single_post":[],"jnews_primary_category":[],"jnews_social_meta":[],"jnews_override_counter":[],"footnotes":""},"categories":[23],"tags":[],"class_list":["post-68778","post","type-post","status-publish","format-standard","has-post-thumbnail","hentry","category-politica_ro"],"_links":{"self":[{"href":"https:\/\/orheifm.live\/index.php\/wp-json\/wp\/v2\/posts\/68778","targetHints":{"allow":["GET"]}}],"collection":[{"href":"https:\/\/orheifm.live\/index.php\/wp-json\/wp\/v2\/posts"}],"about":[{"href":"https:\/\/orheifm.live\/index.php\/wp-json\/wp\/v2\/types\/post"}],"author":[{"embeddable":true,"href":"https:\/\/orheifm.live\/index.php\/wp-json\/wp\/v2\/users\/1"}],"replies":[{"embeddable":true,"href":"https:\/\/orheifm.live\/index.php\/wp-json\/wp\/v2\/comments?post=68778"}],"version-history":[{"count":0,"href":"https:\/\/orheifm.live\/index.php\/wp-json\/wp\/v2\/posts\/68778\/revisions"}],"wp:featuredmedia":[{"embeddable":true,"href":"https:\/\/orheifm.live\/index.php\/wp-json\/wp\/v2\/media\/68779"}],"wp:attachment":[{"href":"https:\/\/orheifm.live\/index.php\/wp-json\/wp\/v2\/media?parent=68778"}],"wp:term":[{"taxonomy":"category","embeddable":true,"href":"https:\/\/orheifm.live\/index.php\/wp-json\/wp\/v2\/categories?post=68778"},{"taxonomy":"post_tag","embeddable":true,"href":"https:\/\/orheifm.live\/index.php\/wp-json\/wp\/v2\/tags?post=68778"}],"curies":[{"name":"wp","href":"https:\/\/api.w.org\/{rel}","templated":true}]}}