{"id":68776,"date":"2025-03-10T21:38:16","date_gmt":"2025-03-10T19:38:16","guid":{"rendered":"https:\/\/orheifm.live\/index.php\/2025\/03\/10\/cum-a-reactionat-lumea-la-evenimentele-din-romania-din-nou-soros-nebunie-rasturnare-de-putere-in-stil-sovietic\/"},"modified":"2025-03-10T21:38:16","modified_gmt":"2025-03-10T19:38:16","slug":"cum-a-reactionat-lumea-la-evenimentele-din-romania-din-nou-soros-nebunie-rasturnare-de-putere-in-stil-sovietic","status":"publish","type":"post","link":"https:\/\/orheifm.live\/index.php\/2025\/03\/10\/cum-a-reactionat-lumea-la-evenimentele-din-romania-din-nou-soros-nebunie-rasturnare-de-putere-in-stil-sovietic\/","title":{"rendered":"Cum a reac\u021bionat lumea la evenimentele din Rom\u00e2nia: \u201eDin nou Soros\u201d, \u201eNebunie\u201d, \u201eR\u0103sturnare de putere \u00een stil sovietic\u201d"},"content":{"rendered":"<div>\n<p><strong>Mai mul\u021bi politicienii rom\u00e2ni \u0219i str\u0103ini au numit decizia Biroului Electoral Central al Rom\u00e2niei de a nu permite principalului favorit al cursei electorale, C\u0103lin Georgescu, s\u0103 participe la alegerile preziden\u021biale, o decizie ilegal\u0103, o nebunie \u0219i chiar un plan special pentru introducerea st\u0103rii de urgen\u021b\u0103 \u00een \u021bar\u0103.<\/strong><br \/>\n<iframe loading=\"lazy\" title=\"YouTube video player\" src=\"https:\/\/www.youtube.com\/embed\/rK7q_V84ClA?si=XQGS1bZT9aNl-5ZS\" width=\"560\" height=\"315\" frameborder=\"0\" allowfullscreen=\"allowfullscreen\"><\/iframe><br \/>\nDup\u0103 cum consider\u0103 miliardarul american Elon Musk, \u00een spatele ac\u021biunilor care au loc \u00een Rom\u00e2nia ar putea sta George Soros.<\/p>\n<p>Politicienii rom\u00e2ni \u0219i str\u0103ini au numit decizia Biroului Electoral Central al Rom\u00e2niei de a nu permite principalului favorit al cursei electorale, C\u0103lin Georgescu, s\u0103 participe la alegerile preziden\u021biale, o decizie ilegal\u0103, o nebunie \u0219i chiar un plan special pentru introducerea st\u0103rii de urgen\u021b\u0103 \u00een \u021bar\u0103. Dup\u0103 cum consider\u0103 miliardarul american Elon Musk, \u00een spatele ac\u021biunilor care au loc \u00een Rom\u00e2nia ar putea s\u0103 se afle George Soros.<\/p>\n<p>Cum scrie presa rom\u00e2n\u0103, singurul oficial de rang \u00eenalt al UE care a intervenit \u00een favoarea lui C\u0103lin Georgescu a fost vicepremierul Italiei, Matteo Salvini.<\/p>\n<p>El a postat pe re\u021beaua social\u0103 X, scriind c\u0103 excluderea lui Georgescu de la alegerile din Rom\u00e2nia reprezint\u0103 o lovitur\u0103 de stat european\u0103 \u00een stil sovietic \u0219i o amenin\u021bare serioas\u0103 la adresa democra\u021biei. \u201e\u00cen loc s\u0103 \u00abreechip\u0103m Europa\u00bb, trebuie s\u0103 o reconstruim pentru a proteja democra\u021bia\u201d, a scris politicianul italian.<\/p>\n<p>Evenimentele din Rom\u00e2nia au fost comentate \u0219i de miliardarul american, \u0219eful Departamentului pentru \u00eembun\u0103t\u0103\u021birea eficien\u021bei guvernului SUA, Elon Musk. El a numit \u201enebunie\u201d refuzul de a-l valida pe Georgescu la alegerile preziden\u021biale.<\/p>\n<p>Apoi, dup\u0103 c\u00e2teva minute, Musk a redistribuit o postare al bloggerului conservator Mario Naufal cu urm\u0103torul comentariu: \u201e\u00cenc\u0103 o dat\u0103 Soros\u201d. Apoi a publicat un repost al unui mesaj care spunea c\u0103 \u201eRom\u00e2nia este \u00een haos\u201d \u0219i c\u0103 \u201edemocra\u021bia \u00een Rom\u00e2nia este moart\u0103\u201d.<\/p>\n<p>Iar eurodeputata, senatorul Parlamentului Rom\u00e2niei \u0219i liderul partidului \u201eS.O.S. Rom\u00e2nia\u201d, Diana \u0218o\u0219oac\u0103, a numit ilegale motivele pentru care Biroul Electoral Central al Rom\u00e2niei a respins candidatura lui C\u0103lin Georgescu. \u00cen opinia Dianei \u0218o\u0219oac\u0103, respingerea candidaturii lui Georgescu face parte din planul autorit\u0103\u021bilor de a provoca tulbur\u0103ri \u00een \u021bar\u0103, pentru a introduce stare de urgen\u021b\u0103, scrie portalul stiripesurse.ro.<\/p>\n<p>C\u0103lin Georgescu a fost sus\u021binut \u0219i de contracandidata sa la alegerile anulate, Elena Lasconi.<\/p>\n<p>Ea a subliniat c\u0103 nu este de acord cu decizia Biroului Electoral Central, dac\u0103 \u00een \u021bar\u0103 \u201enu sunt respectate legile\u201d. Pre\u0219edinta partidului \u201eUniunea Salv\u0103rii Rom\u00e2niei\u201d a declarat c\u0103 Biroul Electoral Central trebuie s\u0103 ias\u0103 \u0219i s\u0103 explice motivele respingerii candidaturii lui Georgescu, a informat hotnews.ro.<\/p>\n<p>\u00cen opinia Elenei Lasconi, din punct de vedere juridic, dovezile pentru refuzul \u00eenregistr\u0103rii lui Georgescu au fost insuficiente. Anterior, Elena Lasconi a spus c\u0103, dac\u0103 autorit\u0103\u021bile \u00eel vor scoate pe C\u0103lin Georgescu din cursa electoral\u0103, vor aprinde butoiul cu pulbere \u0219i \u00een \u021bar\u0103 va avea loc o explozie politic\u0103.<\/p>\n<\/div>\n","protected":false},"excerpt":{"rendered":"<div><img loading=\"lazy\" decoding=\"async\" width=\"696\" height=\"422\" src=\"https:\/\/canal5.md\/wp-content\/uploads\/2025\/03\/protest-calin-georgescu.-1741539526h6bj48v-1741539528aquo6l8-optimized.webp\" class=\"attachment-large size-large wp-post-image\" alt=\"\" srcset=\"https:\/\/canal5.md\/wp-content\/uploads\/2025\/03\/protest-calin-georgescu.-1741539526h6bj48v-1741539528aquo6l8-optimized.webp 800w, https:\/\/canal5.md\/wp-content\/uploads\/2025\/03\/protest-calin-georgescu.-1741539526h6bj48v-1741539528aquo6l8-300x182-optimized.webp 300w, https:\/\/canal5.md\/wp-content\/uploads\/2025\/03\/protest-calin-georgescu.-1741539526h6bj48v-1741539528aquo6l8-768x466-optimized.webp 768w, https:\/\/canal5.md\/wp-content\/uploads\/2025\/03\/protest-calin-georgescu.-1741539526h6bj48v-1741539528aquo6l8-696x422-optimized.webp 696w\">Mai mul\u021bi politicienii rom\u00e2ni \u0219i str\u0103ini au numit decizia Biroului Electoral Central al Rom\u00e2niei de a nu permite principalului favorit al cursei electorale, C\u0103lin Georgescu, s\u0103 participe la alegerile preziden\u021biale, o decizie ilegal\u0103, o nebunie \u0219i chiar un plan special pentru introducerea st\u0103rii de urgen\u021b\u0103 \u00een \u021bar\u0103. Dup\u0103 cum consider\u0103 miliardarul american Elon Musk, \u00een [\u2026]<\/div>\n","protected":false},"author":1,"featured_media":68777,"comment_status":"closed","ping_status":"closed","sticky":false,"template":"","format":"standard","meta":{"jnews-multi-image_gallery":[],"jnews_single_post":[],"jnews_primary_category":[],"jnews_social_meta":[],"jnews_override_counter":[],"footnotes":""},"categories":[29],"tags":[],"class_list":["post-68776","post","type-post","status-publish","format-standard","has-post-thumbnail","hentry","category-externe_ro"],"_links":{"self":[{"href":"https:\/\/orheifm.live\/index.php\/wp-json\/wp\/v2\/posts\/68776","targetHints":{"allow":["GET"]}}],"collection":[{"href":"https:\/\/orheifm.live\/index.php\/wp-json\/wp\/v2\/posts"}],"about":[{"href":"https:\/\/orheifm.live\/index.php\/wp-json\/wp\/v2\/types\/post"}],"author":[{"embeddable":true,"href":"https:\/\/orheifm.live\/index.php\/wp-json\/wp\/v2\/users\/1"}],"replies":[{"embeddable":true,"href":"https:\/\/orheifm.live\/index.php\/wp-json\/wp\/v2\/comments?post=68776"}],"version-history":[{"count":0,"href":"https:\/\/orheifm.live\/index.php\/wp-json\/wp\/v2\/posts\/68776\/revisions"}],"wp:featuredmedia":[{"embeddable":true,"href":"https:\/\/orheifm.live\/index.php\/wp-json\/wp\/v2\/media\/68777"}],"wp:attachment":[{"href":"https:\/\/orheifm.live\/index.php\/wp-json\/wp\/v2\/media?parent=68776"}],"wp:term":[{"taxonomy":"category","embeddable":true,"href":"https:\/\/orheifm.live\/index.php\/wp-json\/wp\/v2\/categories?post=68776"},{"taxonomy":"post_tag","embeddable":true,"href":"https:\/\/orheifm.live\/index.php\/wp-json\/wp\/v2\/tags?post=68776"}],"curies":[{"name":"wp","href":"https:\/\/api.w.org\/{rel}","templated":true}]}}