{"id":68774,"date":"2025-03-10T21:39:05","date_gmt":"2025-03-10T19:39:05","guid":{"rendered":"https:\/\/orheifm.live\/index.php\/2025\/03\/10\/ambasadorul-moldovei-in-sua-rechemat-la-chisinau-speculatii-si-lipsa-unei-confirmari-oficiale\/"},"modified":"2025-03-10T21:39:05","modified_gmt":"2025-03-10T19:39:05","slug":"ambasadorul-moldovei-in-sua-rechemat-la-chisinau-speculatii-si-lipsa-unei-confirmari-oficiale","status":"publish","type":"post","link":"https:\/\/orheifm.live\/index.php\/2025\/03\/10\/ambasadorul-moldovei-in-sua-rechemat-la-chisinau-speculatii-si-lipsa-unei-confirmari-oficiale\/","title":{"rendered":"Ambasadorul Moldovei \u00een SUA, rechemat la Chi\u0219in\u0103u? Specula\u021bii \u0219i lipsa unei confirm\u0103ri oficiale"},"content":{"rendered":"<div>\n<p><strong>Ambasadorul Moldovei \u00een Statele Unite ale Americii se afl\u0103 \u00een Republica Moldova. Motivele afl\u0103rii lui acas\u0103 \u00eens\u0103 nu se cunosc. Potrivit informa\u021biilor ap\u0103rute \u00een spa\u021biul public, lansate de c\u0103tre liderul Partidului Social Democrat European, Tudor Ulianovschi, Viorel Ursu ar fi fost rechemat la Chi\u0219in\u0103u la cererea administra\u021biei lui Trump. Autorit\u0103\u021bile de la Chi\u0219in\u0103u nu au confirmat, dar nici nu au infirmat informa\u021bia.<\/strong><br \/>\n<iframe loading=\"lazy\" title=\"YouTube video player\" src=\"https:\/\/www.youtube.com\/embed\/VLKPlfS0u8g?si=MIYZRsrD1Ske9eZe\" width=\"560\" height=\"315\" frameborder=\"0\" allowfullscreen=\"allowfullscreen\"><\/iframe><br \/>\nFostul ministru de Externe, liderul Partidului Social Democrat European, Tudor Ulianovschi, a scris pe pagina sa de Telegram c\u0103, autorit\u0103\u021bile americane ar fi solicitat \u201erechemarea de urgen\u021b\u0103\u201d a ambasadorului Republicii Moldova \u00een SUA, Viorel Ursu. Potrivit acestuia, ambasadorul s-ar afla \u00een Moldova \u00a0\u201edin cauza declara\u021biilor iresponsabile ale conducerii PAS la adresa lui Donald Trump \u0219i a Statelor Unite.<\/p>\n<p>Nu el este vinovat pentru aceast\u0103 situa\u021bie, ci cei care, prin abord\u0103ri miopice \u0219i declara\u021bii nes\u0103buite au reu\u0219it s\u0103 tensioneze rela\u021biile cu unul dintre cei mai importan\u021bi parteneri ai Republicii Moldova \u2013 Guvernul american. Diploma\u021bia nu se face prin lozinci politice \u0219i atacuri gratuite! Este nevoie de profesionalism, echilibru \u0219i, mai ales, de o politic\u0103 extern\u0103 care s\u0103 pun\u0103 Moldova pe primul loc\u201d,\u00a0 a scris Ulianovschi pe Telegram.<\/p>\n<p>TUDOR ULIANOVSCHI, pre\u0219edintele PSDE, ex-ministru al Afacerilor Externe<\/p>\n<p>\u201eDin cauza declara\u021biilor iresponsabile ale conducerii PAS la adresa lui Donald Trump \u0219i a Statelor Unite. Nu el este vinovat pentru aceast\u0103 situa\u021bie, ci cei care, prin abord\u0103ri miopice \u0219i declara\u021bii nes\u0103buite, au reu\u0219it s\u0103 tensioneze rela\u021biile cu unul dintre cei mai importan\u021bi parteneri ai Republicii Moldova \u2013 Guvernul american. Diploma\u021bia nu se face prin lozinci politice \u0219i atacuri gratuite! Este nevoie de profesionalism, echilibru \u0219i, mai ales, de o politic\u0103 extern\u0103 care s\u0103 pun\u0103 Moldova pe primul loc\u201d.<\/p>\n<p>Informa\u021bia nu a fost confirmat\u0103 oficial de c\u0103tre autorit\u0103\u021bile de la Chi\u0219in\u0103u. Am \u00eencercat s\u0103 afl\u0103m de la purt\u0103torul de cuv\u00e2nt al ministerului de Externe, Liliana Barbaro\u0219ie, dac\u0103 este adev\u0103rat c\u0103 ambasadorul SUA, Viorel Ursu se afl\u0103 la Chi\u0219in\u0103u, a\u0219a cum se anun\u021b\u0103 \u00een spa\u021biul public, pentru ce a fost chemat \u0219i dac\u0103 este adev\u0103rat\u0103 informa\u021bia lansat\u0103 de Ulianovschi, \u00eens\u0103, aceasta nu ne-a r\u0103spuns la mesaje.<\/p>\n<p>Totodat\u0103, am dorit s\u0103 afl\u0103m dac\u0103 acest lucru ar avea leg\u0103tur\u0103 \u0219i cu orientarea sexual\u0103 a ambasadorului moldovean, acesta fiind homosexual deschis, \u0219tiind pozi\u021bia pre\u0219edintelui SUA, Donald Trump referitor la persoanele din comunitatea LGBT.<\/p>\n<p>Pentru unele portaluri de \u0219tiri, Ministerul de Externe a declarat c\u0103 \u201ddeciziile de politic\u0103 extern\u0103 sunt luate \u00een func\u021bie de interesele \u021b\u0103rii \u0219i sunt comunicate prin canale oficiale ale institu\u021biei.<\/p>\n<p>Astfel, MAE nu comenteaz\u0103 zvonuri r\u0103sp\u00e2ndite cu agend\u0103 politic\u0103\u201d. \u00centre timp \u00een Telegram au ap\u0103rut informa\u021bii precum c\u0103 ambasadorului Republicii Moldova \u00een SUA, Viorel Ursu se afl\u0103 la Chi\u0219in\u0103u fiind chemat pentru consulta\u021bii.<\/p>\n<\/div>\n","protected":false},"excerpt":{"rendered":"<div><img loading=\"lazy\" decoding=\"async\" width=\"696\" height=\"324\" src=\"https:\/\/canal5.md\/wp-content\/uploads\/2025\/03\/blob-optimized.jpg\" class=\"attachment-large size-large wp-post-image\" alt=\"\" srcset=\"https:\/\/canal5.md\/wp-content\/uploads\/2025\/03\/blob-optimized.jpg 982w, https:\/\/canal5.md\/wp-content\/uploads\/2025\/03\/blob-300x140-optimized.jpg 300w, https:\/\/canal5.md\/wp-content\/uploads\/2025\/03\/blob-768x357-optimized.jpg 768w, https:\/\/canal5.md\/wp-content\/uploads\/2025\/03\/blob-696x324-optimized.jpg 696w\">Ambasadorul Moldovei \u00een Statele Unite ale Americii se afl\u0103 \u00een Republica Moldova. Motivele afl\u0103rii lui acas\u0103 \u00eens\u0103 nu se cunosc. Potrivit informa\u021biilor ap\u0103rute \u00een spa\u021biul public, lansate de c\u0103tre liderul Partidului Social Democrat European, Tudor Ulianovschi, Viorel Ursu ar fi fost rechemat la Chi\u0219in\u0103u la cererea administra\u021biei lui Trump. Autorit\u0103\u021bile de la Chi\u0219in\u0103u nu au [\u2026]<\/div>\n","protected":false},"author":1,"featured_media":68775,"comment_status":"closed","ping_status":"closed","sticky":false,"template":"","format":"standard","meta":{"jnews-multi-image_gallery":[],"jnews_single_post":[],"jnews_primary_category":[],"jnews_social_meta":[],"jnews_override_counter":[],"footnotes":""},"categories":[30],"tags":[],"class_list":["post-68774","post","type-post","status-publish","format-standard","has-post-thumbnail","hentry","category-social_ro"],"_links":{"self":[{"href":"https:\/\/orheifm.live\/index.php\/wp-json\/wp\/v2\/posts\/68774","targetHints":{"allow":["GET"]}}],"collection":[{"href":"https:\/\/orheifm.live\/index.php\/wp-json\/wp\/v2\/posts"}],"about":[{"href":"https:\/\/orheifm.live\/index.php\/wp-json\/wp\/v2\/types\/post"}],"author":[{"embeddable":true,"href":"https:\/\/orheifm.live\/index.php\/wp-json\/wp\/v2\/users\/1"}],"replies":[{"embeddable":true,"href":"https:\/\/orheifm.live\/index.php\/wp-json\/wp\/v2\/comments?post=68774"}],"version-history":[{"count":0,"href":"https:\/\/orheifm.live\/index.php\/wp-json\/wp\/v2\/posts\/68774\/revisions"}],"wp:featuredmedia":[{"embeddable":true,"href":"https:\/\/orheifm.live\/index.php\/wp-json\/wp\/v2\/media\/68775"}],"wp:attachment":[{"href":"https:\/\/orheifm.live\/index.php\/wp-json\/wp\/v2\/media?parent=68774"}],"wp:term":[{"taxonomy":"category","embeddable":true,"href":"https:\/\/orheifm.live\/index.php\/wp-json\/wp\/v2\/categories?post=68774"},{"taxonomy":"post_tag","embeddable":true,"href":"https:\/\/orheifm.live\/index.php\/wp-json\/wp\/v2\/tags?post=68774"}],"curies":[{"name":"wp","href":"https:\/\/api.w.org\/{rel}","templated":true}]}}