{"id":68770,"date":"2025-03-10T21:34:55","date_gmt":"2025-03-10T19:34:55","guid":{"rendered":"https:\/\/orheifm.live\/index.php\/2025\/03\/10\/evghenia-gutul-o-provoaca-pe-veronica-dragalin-sa-explice-motivele-chemarii-sale-inainte-de-inaugurare\/"},"modified":"2025-03-10T21:34:55","modified_gmt":"2025-03-10T19:34:55","slug":"evghenia-gutul-o-provoaca-pe-veronica-dragalin-sa-explice-motivele-chemarii-sale-inainte-de-inaugurare","status":"publish","type":"post","link":"https:\/\/orheifm.live\/index.php\/2025\/03\/10\/evghenia-gutul-o-provoaca-pe-veronica-dragalin-sa-explice-motivele-chemarii-sale-inainte-de-inaugurare\/","title":{"rendered":"Evghenia Gu\u021bul o provoac\u0103 pe Veronica Dragalin s\u0103 explice motivele chem\u0103rii sale \u00eenainte de inaugurare"},"content":{"rendered":"<div>\n<p><strong>S\u0103pt\u0103m\u00e2na a \u00eenceput cu o nou\u0103 \u0219edin\u021b\u0103 \u00een dosarul ba\u0219canului G\u0103g\u0103uziei, Evghenia Gu\u021bul, \u0219i activistei Svetlana Popan. Potrivit Gu\u021bului, de data aceasta a fost audiat un martor care anterior fusese \u0219i membru al partidului \u201e\u0218OR\u201d \u0219i care a avut statut de acuzat \u00een acest dosar. <\/strong><br \/>\n<iframe loading=\"lazy\" title=\"YouTube video player\" src=\"https:\/\/www.youtube.com\/embed\/KSkVCxYJLyA?si=JPmjGC_z2oIcxJhX\" width=\"560\" height=\"315\" frameborder=\"0\" allowfullscreen=\"allowfullscreen\"><\/iframe><br \/>\nGu\u021bul consider\u0103 c\u0103 schimbarea statutului martorului demonstreaz\u0103 \u00eenc\u0103 o dat\u0103 c\u0103 acest proces are o motiva\u021bie politic\u0103 \u0219i a fost ini\u021biat la comand\u0103. Ea a cerut fostei \u0219efe a Procuraturii Anticorup\u021bie, Veronica Dragalin, s\u0103 spun\u0103 adev\u0103rul \u00een acest dosar.<\/p>\n<p>\u0218edin\u021ba de judecat\u0103 de luni a durat dou\u0103 ore, iar Gu\u021bul a subliniat c\u0103 procesul la care este chemat\u0103 aproape zilnic ridic\u0103 mari semne de \u00eentrebare.<\/p>\n<p>EVGHENIA GU\u021aUL, ba\u0219canul G\u0103g\u0103uziei<\/p>\n<p>Ast\u0103zi, \u00een instan\u021b\u0103, a fost audiat\u0103 o persoan\u0103 care, la fel ca noi, a fost membr\u0103 a partidului \u201e\u0218OR\u201d \u0219i care anterior a fost implicat\u0103 \u00een procesul penal, av\u00e2nd statut de \u00eenvinuit\u0103. Totu\u0219i, ast\u0103zi, procurorul a calificat aceast\u0103 persoan\u0103 drept martor, ceea ce subliniaz\u0103 din nou caracterul politic al acestui dosar.<\/p>\n<p>Eu, ca ba\u0219can, al G\u0103g\u0103uziei r\u0103spund anume \u00een calitate de ba\u0219can al G\u0103g\u0103uziei, pentru c\u0103 dac\u0103 n-ar fi statutul meu, a\u0219 fi avut \u0219i eu statutul acelor oameni care vin aici \u00een calitate de martori \u0219i care p\u00e2n\u0103 nu demult aveau calitatea de acuzat.<\/p>\n<p>\u00cen plus, ba\u0219canul \u00ee\u0219i exprim\u0103 speran\u021ba c\u0103 acest dosar va fi \u00eenchis \u00een cur\u00e2nd, av\u00e2nd \u00een vedere c\u0103 martorul respectiv nu a prezentat dovezi ce s\u0103 confirme vinov\u0103\u021bia sa sau a colegei sale.<\/p>\n<p>Totodat\u0103, ea afirm\u0103 c\u0103, Veronica Dragalin, care a \u00eencercat s\u0103 fac\u0103 presiuni asupra ei din postura de \u0219ef\u0103 a procuraturii anticorup\u021bie, acum c\u0103 \u0219i-a pierdut func\u021bia, va fi mai dispus\u0103 s\u0103 dezv\u0103luie adev\u0103rul.<\/p>\n<p>EVGHENIA GU\u021aUL, ba\u0219canul G\u0103g\u0103uziei<\/p>\n<p>Vreau s\u0103 reamintesc \u00eenc\u0103 o dat\u0103 c\u0103 pe 18 iulie 2023, cu o zi \u00eenainte de inaugurare, am fost chemat\u0103 la Procuratura Anticorup\u021bie, unde doamna Dragalin \u0219i domnul MUSC\u0102 Pelivan mi-au propus s\u0103 renun\u021b la mandatul care urma s\u0103 fie confirmat a doua zi, \u00een schimbul retragerii acuza\u021biilor. Am refuzat aceast\u0103 propunere.<\/p>\n<p>Sunt convins\u0103 c\u0103, atunci c\u00e2nd doamna Dragalin a declarat c\u0103 a fost supus\u0103 presiunilor din partea autorit\u0103\u021bilor, inclusiv ale pre\u0219edintelui, premierului \u0219i pre\u0219edintelui Parlamentului, una dintre aceste presiuni a fost s\u0103 deschid\u0103 un dosar penal, iar noi s\u0103 ajungem \u00een fa\u021ba instan\u021bei. Sper c\u0103 acum, c\u00e2nd nu mai de\u021bine nicio func\u021bie public\u0103, at\u00e2t ea c\u00e2t \u0219i domnul Pelivan vor ie\u0219i \u0219i vor spune adev\u0103rul.<\/p>\n<p>Dragalin nu a reac\u021bionat deocamdat\u0103 la solicitarea Evgheniei Gu\u021bul. Sus\u021bin\u0103torii ba\u0219canului \u0219i ai lui Popan au reiterat c\u0103 acest dosar reprezint\u0103 un instrument de presiune asupra opozi\u021biei.<\/p>\n<p>IURII VITNEANSCHI, membru al Blocului \u201eVictorie\u201d<\/p>\n<p>\u00cen\u021belegem c\u0103 alegerile parlamentare se apropie, iar din acest motiv \u0219edin\u021bele de judecat\u0103 au devenit mai frecvente, pentru a \u00eencheia procesul c\u00e2t mai rapid.<\/p>\n<p>Este clar c\u0103 inten\u021bia este de a o descalifica pe Evghenia Gu\u021bul \u0219i pe al\u021bi oponen\u021bi \u00eenainte de alegeri, pentru a le \u00eempiedica influen\u021barea opiniei publice. Suntem aici pentru a o sus\u021bine pe Evghenia Alexandrovna, care, \u00een viziunea noastr\u0103, reprezint\u0103 un simbol al luptei \u00eempotriva abuzurilor din sistemul judiciar.<\/p>\n<p>IVAN STAMOV, activist civic<\/p>\n<p>To\u021bi \u00een\u021beleg c\u0103 scopul acestui proces este de a o \u00eempiedica pe Evghenia Gu\u021bul s\u0103 \u00ee\u0219i \u00eendeplineasc\u0103 atribu\u021biile de ba\u0219can. Aceasta afecteaz\u0103 activitatea executivului \u0219i a autorit\u0103\u021bilor autonomiei, \u00eens\u0103 suntem \u00eencrez\u0103tori c\u0103 locuitorii regiunii noastre, la fel ca to\u021bi cet\u0103\u021benii Republicii Moldova, vor \u00een\u021belege situa\u021bia. Ast\u0103zi nu sunt judecate doar Evghenia Gu\u021bul \u0219i Svetlana Popan, ci este judecat\u0103 \u0219i libertatea de opinie a oamenilor liberi.<\/p>\n<p>IURII KUZNE\u021aOV,\u00a0 \u0219ef adjunct al Departamentului Rela\u021bii Externe al G\u0103g\u0103uziei<\/p>\n<p>S\u0103pt\u0103m\u00e2na aceasta vor avea loc \u00eenc\u0103 patru \u0219edin\u021be de judecat\u0103 \u00een cazul Gu\u021bul \u0219i Popan. \u0218edin\u021bele continu\u0103 \u00een acela\u0219i regim, presa este rugat\u0103 s\u0103 opreasc\u0103 telefoanele. Ast\u0103zi au fost analizate m\u0103rturiile unei alte martore.<\/p>\n<p>Anterior, la \u00eenceputul acestui an, aceasta avea statut de acuzat, dar apoi procurorii i-au schimbat statutul \u00een cel de martor. Aceasta demonstreaz\u0103 \u00eenc\u0103 o dat\u0103 c\u0103 Gu\u021bul \u0219i Popan nu sunt vinovate.<\/p>\n<p>Amintim c\u0103 potrivit deciziei judec\u0103torului, Evghenia Gu\u021bul \u0219i Svetlana Popan trebuie s\u0103 se prezinte la \u0219edin\u021bele de judecat\u0103 de patru ori pe s\u0103pt\u0103m\u00e2n\u0103, iar urm\u0103toarea va avea loc mar\u021bi, 11 martie. Cele dou\u0103 sunt investigate pentru complicitate la finan\u021barea ilegal\u0103 a unui partid politic, acuza\u021bii pe care le resping, consider\u00e2nd c\u0103 dosarul este unul de natur\u0103 politic\u0103. Procurorii se ab\u021bin de la comentarii.<\/p>\n<\/div>\n","protected":false},"excerpt":{"rendered":"<div><img loading=\"lazy\" decoding=\"async\" width=\"696\" height=\"391\" src=\"https:\/\/canal5.md\/wp-content\/uploads\/2024\/07\/Evghenia-Gutul-900x505-1-optimized.jpg\" class=\"attachment-large size-large wp-post-image\" alt=\"\" srcset=\"https:\/\/canal5.md\/wp-content\/uploads\/2024\/07\/Evghenia-Gutul-900x505-1-optimized.jpg 900w, https:\/\/canal5.md\/wp-content\/uploads\/2024\/07\/Evghenia-Gutul-900x505-1-300x168-optimized.jpg 300w, https:\/\/canal5.md\/wp-content\/uploads\/2024\/07\/Evghenia-Gutul-900x505-1-768x431-optimized.jpg 768w, https:\/\/canal5.md\/wp-content\/uploads\/2024\/07\/Evghenia-Gutul-900x505-1-696x391-optimized.jpg 696w\">S\u0103pt\u0103m\u00e2na a \u00eenceput cu o nou\u0103 \u0219edin\u021b\u0103 \u00een dosarul ba\u0219canului G\u0103g\u0103uziei, Evghenia Gu\u021bul, \u0219i activistei Svetlana Popan. Potrivit Gu\u021bului, de data aceasta a fost audiat un martor care anterior fusese \u0219i membru al partidului \u201e\u0218OR\u201d \u0219i care a avut statut de acuzat \u00een acest dosar. Gu\u021bul consider\u0103 c\u0103 schimbarea statutului martorului demonstreaz\u0103 \u00eenc\u0103 o dat\u0103 [\u2026]<\/div>\n","protected":false},"author":1,"featured_media":68771,"comment_status":"closed","ping_status":"closed","sticky":false,"template":"","format":"standard","meta":{"jnews-multi-image_gallery":[],"jnews_single_post":[],"jnews_primary_category":[],"jnews_social_meta":[],"jnews_override_counter":[],"footnotes":""},"categories":[23],"tags":[],"class_list":["post-68770","post","type-post","status-publish","format-standard","has-post-thumbnail","hentry","category-politica_ro"],"_links":{"self":[{"href":"https:\/\/orheifm.live\/index.php\/wp-json\/wp\/v2\/posts\/68770","targetHints":{"allow":["GET"]}}],"collection":[{"href":"https:\/\/orheifm.live\/index.php\/wp-json\/wp\/v2\/posts"}],"about":[{"href":"https:\/\/orheifm.live\/index.php\/wp-json\/wp\/v2\/types\/post"}],"author":[{"embeddable":true,"href":"https:\/\/orheifm.live\/index.php\/wp-json\/wp\/v2\/users\/1"}],"replies":[{"embeddable":true,"href":"https:\/\/orheifm.live\/index.php\/wp-json\/wp\/v2\/comments?post=68770"}],"version-history":[{"count":0,"href":"https:\/\/orheifm.live\/index.php\/wp-json\/wp\/v2\/posts\/68770\/revisions"}],"wp:featuredmedia":[{"embeddable":true,"href":"https:\/\/orheifm.live\/index.php\/wp-json\/wp\/v2\/media\/68771"}],"wp:attachment":[{"href":"https:\/\/orheifm.live\/index.php\/wp-json\/wp\/v2\/media?parent=68770"}],"wp:term":[{"taxonomy":"category","embeddable":true,"href":"https:\/\/orheifm.live\/index.php\/wp-json\/wp\/v2\/categories?post=68770"},{"taxonomy":"post_tag","embeddable":true,"href":"https:\/\/orheifm.live\/index.php\/wp-json\/wp\/v2\/tags?post=68770"}],"curies":[{"name":"wp","href":"https:\/\/api.w.org\/{rel}","templated":true}]}}