{"id":68766,"date":"2025-03-10T21:25:03","date_gmt":"2025-03-10T19:25:03","guid":{"rendered":"https:\/\/orheifm.live\/index.php\/2025\/03\/10\/analistul-roman-bogdan-duca-despre-protestele-sustinatorilor-lui-calin-georgescu-refuzul-inregistrarii-si-posibilele-consecinte-politice-video\/"},"modified":"2025-03-10T21:25:03","modified_gmt":"2025-03-10T19:25:03","slug":"analistul-roman-bogdan-duca-despre-protestele-sustinatorilor-lui-calin-georgescu-refuzul-inregistrarii-si-posibilele-consecinte-politice-video","status":"publish","type":"post","link":"https:\/\/orheifm.live\/index.php\/2025\/03\/10\/analistul-roman-bogdan-duca-despre-protestele-sustinatorilor-lui-calin-georgescu-refuzul-inregistrarii-si-posibilele-consecinte-politice-video\/","title":{"rendered":"Analistul rom\u00e2n Bogdan Duca despre protestele sus\u021bin\u0103torilor lui C\u0103lin Georgescu, refuzul \u00eenregistr\u0103rii \u0219i posibilele consecin\u021be politice |VIDEO"},"content":{"rendered":"<div>\n<p><strong>Despre tensiunile din Rom\u00e2nia, cum ar putea degenera situa\u021bia \u0219i lupta poporului pentru a schimba un \u00eentreg sistem, vorbim \u00een aceast\u0103 sear\u0103 cu analistul politic de peste Prut, Bogdan Duca. Domnule Duca, bun\u0103 seara.<\/strong><iframe loading=\"lazy\" title=\"YouTube video player\" src=\"https:\/\/www.youtube.com\/embed\/2CVYFzNNazc?si=EzS2zb04_bvASPaT\" width=\"560\" height=\"315\" frameborder=\"0\" allowfullscreen=\"allowfullscreen\"><\/iframe><\/p>\n<\/div>\n","protected":false},"excerpt":{"rendered":"<div><img loading=\"lazy\" decoding=\"async\" width=\"696\" height=\"312\" src=\"https:\/\/canal5.md\/wp-content\/uploads\/2025\/03\/blob-3-1-optimized.jpg\" class=\"attachment-large size-large wp-post-image\" alt=\"\" srcset=\"https:\/\/canal5.md\/wp-content\/uploads\/2025\/03\/blob-3-1-optimized.jpg 992w, https:\/\/canal5.md\/wp-content\/uploads\/2025\/03\/blob-3-1-300x135-optimized.jpg 300w, https:\/\/canal5.md\/wp-content\/uploads\/2025\/03\/blob-3-1-768x345-optimized.jpg 768w, https:\/\/canal5.md\/wp-content\/uploads\/2025\/03\/blob-3-1-696x312-optimized.jpg 696w\">Despre tensiunile din Rom\u00e2nia, cum ar putea degenera situa\u021bia \u0219i lupta poporului pentru a schimba un \u00eentreg sistem, vorbim \u00een aceast\u0103 sear\u0103 cu analistul politic de peste Prut, Bogdan Duca. Domnule Duca, bun\u0103 seara.<\/div>\n","protected":false},"author":1,"featured_media":68767,"comment_status":"closed","ping_status":"closed","sticky":false,"template":"","format":"standard","meta":{"jnews-multi-image_gallery":[],"jnews_single_post":[],"jnews_primary_category":[],"jnews_social_meta":[],"jnews_override_counter":[],"footnotes":""},"categories":[23],"tags":[],"class_list":["post-68766","post","type-post","status-publish","format-standard","has-post-thumbnail","hentry","category-politica_ro"],"_links":{"self":[{"href":"https:\/\/orheifm.live\/index.php\/wp-json\/wp\/v2\/posts\/68766","targetHints":{"allow":["GET"]}}],"collection":[{"href":"https:\/\/orheifm.live\/index.php\/wp-json\/wp\/v2\/posts"}],"about":[{"href":"https:\/\/orheifm.live\/index.php\/wp-json\/wp\/v2\/types\/post"}],"author":[{"embeddable":true,"href":"https:\/\/orheifm.live\/index.php\/wp-json\/wp\/v2\/users\/1"}],"replies":[{"embeddable":true,"href":"https:\/\/orheifm.live\/index.php\/wp-json\/wp\/v2\/comments?post=68766"}],"version-history":[{"count":0,"href":"https:\/\/orheifm.live\/index.php\/wp-json\/wp\/v2\/posts\/68766\/revisions"}],"wp:featuredmedia":[{"embeddable":true,"href":"https:\/\/orheifm.live\/index.php\/wp-json\/wp\/v2\/media\/68767"}],"wp:attachment":[{"href":"https:\/\/orheifm.live\/index.php\/wp-json\/wp\/v2\/media?parent=68766"}],"wp:term":[{"taxonomy":"category","embeddable":true,"href":"https:\/\/orheifm.live\/index.php\/wp-json\/wp\/v2\/categories?post=68766"},{"taxonomy":"post_tag","embeddable":true,"href":"https:\/\/orheifm.live\/index.php\/wp-json\/wp\/v2\/tags?post=68766"}],"curies":[{"name":"wp","href":"https:\/\/api.w.org\/{rel}","templated":true}]}}