{"id":68764,"date":"2025-03-10T21:09:04","date_gmt":"2025-03-10T19:09:04","guid":{"rendered":"https:\/\/orheifm.live\/index.php\/2025\/03\/10\/concerte-si-cadouri-de-8-martie-echipa-lui-ilan-sor-a-sarbatorit-ziua-femeiei-la-orhei-taraclia-si-comrat-cu-flori-si-urari-de-bine\/"},"modified":"2025-03-10T21:09:04","modified_gmt":"2025-03-10T19:09:04","slug":"concerte-si-cadouri-de-8-martie-echipa-lui-ilan-sor-a-sarbatorit-ziua-femeiei-la-orhei-taraclia-si-comrat-cu-flori-si-urari-de-bine","status":"publish","type":"post","link":"https:\/\/orheifm.live\/index.php\/2025\/03\/10\/concerte-si-cadouri-de-8-martie-echipa-lui-ilan-sor-a-sarbatorit-ziua-femeiei-la-orhei-taraclia-si-comrat-cu-flori-si-urari-de-bine\/","title":{"rendered":"Concerte \u0219i Cadouri de 8 Martie: Echipa lui Ilan \u0218or a S\u0103rb\u0103torit ziua Femeiei la Orhei, Taraclia \u0219i Comrat cu Flori \u0219i Ur\u0103ri de Bine"},"content":{"rendered":"<div>\n<p><strong>De 8 martie, la ini\u021biativa lui Ilan \u0218or, la Orhei, Taraclia \u0219i Comrat au avut loc concerte de zile mari, dedicate doamnelor \u0219i domni\u0219oarelor. De asemenea, toate femeile prezente la eveniment au primit \u00een dar flori.<br \/>\n<iframe loading=\"lazy\" title=\"YouTube video player\" src=\"https:\/\/www.youtube.com\/embed\/vJmLmEJ4ljo?si=u1D4dc2-jcthW6Q3\" width=\"560\" height=\"315\" frameborder=\"0\" allowfullscreen=\"allowfullscreen\"><\/iframe><\/strong><\/p>\n<p>Interpre\u021bii Alexandru Lozanciuc, Gheorghe \u021aopa, Lauren\u021biu Popescu, Sergiu \u021aurcanu, Adrian Bradu \u0219i Roman Zes Band au \u00eenc\u00e2ntat publicul de la Orhei cu melodii de suflet \u015fi le-au adus femeilor cele mai frumoase ur\u0103ri de bine, cele mai alese cuvinte, cele mai minunate emo\u021bii.<\/p>\n<p>Ei au interpretat \u00eendr\u0103gitele hituri care sl\u0103vesc femeia \u0219i ging\u0103\u0219ia ei, iar publicul a fredonat \u00eempreun\u0103 cu arti\u0219tii melodiile preferate<\/p>\n<p>Zic\u0103 lumea ce n-ar zice, eu totuna te iubesc\u2026<\/p>\n<p>Toate femeile care au venit la concert au primit lalele \u00een semn de profund\u0103 recuno\u0219tin\u021b\u0103 din partea echipei lui Ilan \u0218or. V\u0103dit emo\u021bionate \u0219i cople\u0219ite de emo\u021bii, doamnele \u0219i domni\u0219oarele au adus sincere mul\u021bumiri \u0219i pentru organizarea concertului, dar \u0219i pentru florile primite \u00een dar.<\/p>\n<p>Ne place foarte tare acest concert. Mul\u021bumim lui Ilan \u0218or pentru aceast\u0103 zi, pentru aceast\u0103 s\u0103rb\u0103toare.<\/p>\n<p>Foarte frumos. Super.<\/p>\n<p>Ne-a pl\u0103cut foarte mult concertul. Mul\u021bumim pentru a\u0219a eveniment.<\/p>\n<p>Tuturor femeilor l doresc s\u0103n\u0103tate, fericire, dragoste. \u00cen general, Orheiul e frumos \u0219i \u00eemi place cum s-a transformat, mai ales, de c\u00e2nd a venit \u0218or. Acum ora\u0219ul Orhei se consider\u0103 unul de elit\u0103. Noi suntem de ba\u0219tin\u0103 din Orhei.<\/p>\n<p>Autorit\u0103\u021bile municipiului Orhei, dar \u0219i reprezentan\u021bi ai Blocului \u201dVictorie\u201d le-au transmis g\u00e2nduri bune tuturor femeilor.<\/p>\n<p>TATIANA COCIU, primarul municipiului Orhei<\/p>\n<p>Ne bucur\u0103m c\u0103 \u00een municipiul Orhei, cel pu\u021bin \u00een ora\u0219ul nostru minunat, femeile au mai multe motive s\u0103 fie fericite \u0219i s\u0103 nu simt\u0103 a\u0219a de mult povara greut\u0103\u021bilor. Noi, echipa lui Ilan \u0218or, ne vom str\u0103dui \u0219i mai departe s\u0103 oferim sprijin, astfel \u00eenc\u00e2t voi, femeile, s\u0103 v\u0103 sim\u021bi\u021bi \u00een siguran\u021b\u0103 aici \u0219i s\u0103 ave\u021bi c\u00e2t mai multe motive de bucurie!<\/p>\n<p>PAVEL VEREJANU, membru al Blocului \u201dVictorie\u201d<\/p>\n<p>V\u0103 dorim tot binele din lume \u0219i s\u0103 \u0219ti\u021bi c\u0103 noi, b\u0103rba\u021bii, v\u0103 vom fi mereu al\u0103turi.<\/p>\n<p>ALEXEI LUNGU, pre\u0219edintele Partidului \u201d\u0218ans\u0103\u201d<\/p>\n<p>Vreau s\u0103 v\u0103 spun un mare La mul\u021bi ani! Fiecare ac\u021biune a unui b\u0103rbat se realizeaz\u0103 cu ajutorul unei femei care se afl\u0103 \u00een spatele lui, care poate da sfatul \u0219i \u00eendrumarea potrivit\u0103.<\/p>\n<p>Cu un mesaj de felicitare a venit \u0219i liderul Blocului \u201dVictorie\u201d, primarul de onoare al municipiului Orhei, Ilan \u0218or, care a dat asigur\u0103ri c\u0103 el \u0219i echipa sa vor lupta, \u00een continuare, pentru ca femeile Moldovei s\u0103 aib\u0103 parte de un trai decent, f\u0103r\u0103 lipsuri.<\/p>\n<p>ILAN \u0218OR, liderul Blocului \u201dVictorie\u201d<\/p>\n<p>Dragi femei \u2013 bunicu\u021be, mame, fiice, nepo\u021bele, surori. F\u0103r\u0103 voi, noi, b\u0103rba\u021bii nu putem tr\u0103i. Noi ast\u0103zi v\u0103 felicit\u0103m cu s\u0103rb\u0103toarea voastr\u0103. Eu v\u0103 doresc s\u0103 z\u00e2mbi\u021bi mereu, dorin\u021bele s\u0103 vi se \u00eemplineasc\u0103, s\u0103 v\u0103 bucura\u021bi, s\u0103 fi\u021bi fericite.<\/p>\n<p>Concerte de Ziua Interna\u021bional\u0103 a Femeii au avut loc \u0219i \u00een alte localit\u0103\u021bi ale \u021b\u0103ri. \u0218i aici, doamnele \u0219i domni\u0219oarele au primit \u00een dar flori, surprize dulci \u0219i ur\u0103ri frumoase din partea echipei lui Ilan \u0218or. Spectatorii concertului de la Comrat au avut \u0219ansa s\u0103 asculte, inclusiv, renumitele piese interpretate de trupa DoReDos, iar la final, membrii acesteia au venit cu un mesaj pentru toate femeile.<\/p>\n<p>TRUPA DOREDOS<\/p>\n<p>Vrem s\u0103 v\u0103 dorim tot ce e mai bun \u0219i mai frumos \u0219i ca inima \u0219i sufletul s\u0103 v\u0103 fie \u00eentotdeauna pline de bucurii, energie pozitiv\u0103, feminitate, pentru c\u0103 noi, \u00eempreun\u0103 cu dumneavoast\u0103 suntem baza bun\u0103st\u0103rii \u00een familie. Fie ca oamenii vo\u0219tri apropia\u021bi si dragi s\u0103 v\u0103 d\u0103ruiasc\u0103 iubire \u0219i grij\u0103. \u0218i ca fiecare zi s\u0103 fie mai bun\u0103 dec\u00e2t cea anterioar\u0103.<\/p>\n<p>\u0218i vicepre\u0219edintele Comitetului Executiv al G\u0103g\u0103uziei, Ilia Uzun, a transmis felicit\u0103ri doamnelor \u0219i domni\u0219oarelor.<\/p>\n<p>ILIA UZUN, vicepre\u0219edintele Comitetului Executiv al G\u0103g\u0103uziei<\/p>\n<p>V\u0103 dorim pace, bun\u0103stare, tot ce e mai de pre\u021b pe acest p\u0103m\u00e2nt. Dumnezeu v-a \u00eenzestrat cu o nespus\u0103 minune dumnezeiasc\u0103 \u2013 na\u0219terea copiilor. Sunte\u021bi continuitoarele neamului omenesc.<\/p>\n<p>Ast\u0103zi, to\u021bi b\u0103rba\u021bii v\u0103 vor spune cuvinte frumoase \u0219i calde \u2013 c\u0103 sunte\u021bi puternice, \u00een\u021belepte, minunate. \u0218i le merita\u021bi pe bun\u0103 dreptate.<\/p>\n<p>V\u0103 mul\u021bumim enorm pentru c\u0103 sunte\u021bi!<\/p>\n<p>S\u0103rb\u0103toare pe ritmuri de c\u00e2ntec \u0219i dans a fost \u0219i la Taraclia.<\/p>\n<p>\u00cen toate aceste localit\u0103\u021bi, femeile care au venit la concert au primit \u00een dar flori din partea echipei lui Ilan \u0218or, cel mai frumos gest de aten\u021bie \u00een aceast\u0103 zi festiv\u0103.<\/p>\n<\/div>\n","protected":false},"excerpt":{"rendered":"<div><img loading=\"lazy\" decoding=\"async\" width=\"696\" height=\"392\" src=\"https:\/\/canal5.md\/wp-content\/uploads\/2025\/03\/photo_2025-03-10_12-46-10-1024x576-optimized.jpg\" class=\"attachment-large size-large wp-post-image\" alt=\"\" srcset=\"https:\/\/canal5.md\/wp-content\/uploads\/2025\/03\/photo_2025-03-10_12-46-10-1024x576-optimized.jpg 1024w, https:\/\/canal5.md\/wp-content\/uploads\/2025\/03\/photo_2025-03-10_12-46-10-300x169-optimized.jpg 300w, https:\/\/canal5.md\/wp-content\/uploads\/2025\/03\/photo_2025-03-10_12-46-10-768x432-optimized.jpg 768w, https:\/\/canal5.md\/wp-content\/uploads\/2025\/03\/photo_2025-03-10_12-46-10-696x392-optimized.jpg 696w, https:\/\/canal5.md\/wp-content\/uploads\/2025\/03\/photo_2025-03-10_12-46-10-1068x601-optimized.jpg 1068w, https:\/\/canal5.md\/wp-content\/uploads\/2025\/03\/photo_2025-03-10_12-46-10-optimized.jpg 1280w\">De 8 martie, la ini\u021biativa lui Ilan \u0218or, la Orhei, Taraclia \u0219i Comrat au avut loc concerte de zile mari, dedicate doamnelor \u0219i domni\u0219oarelor. De asemenea, toate femeile prezente la eveniment au primit \u00een dar flori. Interpre\u021bii Alexandru Lozanciuc, Gheorghe \u021aopa, Lauren\u021biu Popescu, Sergiu \u021aurcanu, Adrian Bradu \u0219i Roman Zes Band au \u00eenc\u00e2ntat publicul de [\u2026]<\/div>\n","protected":false},"author":1,"featured_media":68765,"comment_status":"closed","ping_status":"closed","sticky":false,"template":"","format":"standard","meta":{"jnews-multi-image_gallery":[],"jnews_single_post":[],"jnews_primary_category":[],"jnews_social_meta":[],"jnews_override_counter":[],"footnotes":""},"categories":[30],"tags":[],"class_list":["post-68764","post","type-post","status-publish","format-standard","has-post-thumbnail","hentry","category-social_ro"],"_links":{"self":[{"href":"https:\/\/orheifm.live\/index.php\/wp-json\/wp\/v2\/posts\/68764","targetHints":{"allow":["GET"]}}],"collection":[{"href":"https:\/\/orheifm.live\/index.php\/wp-json\/wp\/v2\/posts"}],"about":[{"href":"https:\/\/orheifm.live\/index.php\/wp-json\/wp\/v2\/types\/post"}],"author":[{"embeddable":true,"href":"https:\/\/orheifm.live\/index.php\/wp-json\/wp\/v2\/users\/1"}],"replies":[{"embeddable":true,"href":"https:\/\/orheifm.live\/index.php\/wp-json\/wp\/v2\/comments?post=68764"}],"version-history":[{"count":0,"href":"https:\/\/orheifm.live\/index.php\/wp-json\/wp\/v2\/posts\/68764\/revisions"}],"wp:featuredmedia":[{"embeddable":true,"href":"https:\/\/orheifm.live\/index.php\/wp-json\/wp\/v2\/media\/68765"}],"wp:attachment":[{"href":"https:\/\/orheifm.live\/index.php\/wp-json\/wp\/v2\/media?parent=68764"}],"wp:term":[{"taxonomy":"category","embeddable":true,"href":"https:\/\/orheifm.live\/index.php\/wp-json\/wp\/v2\/categories?post=68764"},{"taxonomy":"post_tag","embeddable":true,"href":"https:\/\/orheifm.live\/index.php\/wp-json\/wp\/v2\/tags?post=68764"}],"curies":[{"name":"wp","href":"https:\/\/api.w.org\/{rel}","templated":true}]}}