{"id":68760,"date":"2025-03-10T20:54:55","date_gmt":"2025-03-10T18:54:55","guid":{"rendered":"https:\/\/orheifm.live\/index.php\/2025\/03\/10\/de-ziua-internationala-a-femeii-echipa-lui-ilan-sor-a-daruit-flori-si-felicitari-in-intreaga-tara-aducand-un-omagiu-femeilor\/"},"modified":"2025-03-10T20:54:55","modified_gmt":"2025-03-10T18:54:55","slug":"de-ziua-internationala-a-femeii-echipa-lui-ilan-sor-a-daruit-flori-si-felicitari-in-intreaga-tara-aducand-un-omagiu-femeilor","status":"publish","type":"post","link":"https:\/\/orheifm.live\/index.php\/2025\/03\/10\/de-ziua-internationala-a-femeii-echipa-lui-ilan-sor-a-daruit-flori-si-felicitari-in-intreaga-tara-aducand-un-omagiu-femeilor\/","title":{"rendered":"De Ziua Interna\u021bional\u0103 a Femeii, echipa lui Ilan \u0218or a d\u0103ruit flori \u0219i felicit\u0103ri \u00een \u00eentreaga \u021bar\u0103, aduc\u00e2nd un omagiu femeilor"},"content":{"rendered":"<div>\n<p><strong>De Ziua Interna\u021bional\u0103 a Femeii, \u00een municipiul Orhei, \u00een mai multe localit\u0103\u021bi din raion, dar \u0219i la Chi\u0219in\u0103u, echipa lui Ilan \u0218or a d\u0103ruit mii de lalele, calde felicit\u0103ri \u0219i cadouri dulci tuturor doamnelor \u0219i domni\u0219oarelor \u00eent\u00e2lnite \u00een cale.<br \/>\n<iframe loading=\"lazy\" title=\"YouTube video player\" src=\"https:\/\/www.youtube.com\/embed\/JJNGELwxCBA?si=37iyp5Bg3uwOblgT\" width=\"560\" height=\"315\" frameborder=\"0\" allowfullscreen=\"allowfullscreen\"><\/iframe><\/strong><\/p>\n<p>Pentru fiecare au fost rostite ur\u0103ri calde \u0219i cuvinte de recuno\u0219tin\u021b\u0103. La r\u00e2ndul lor, doamnele \u0219i domni\u0219oarele au apreciat gestul generos \u0219i frumos al echipei lui Ilan \u0218or.<\/p>\n<p>La Orhei, de 8 martie, de la primele ore ale dimine\u021bii, reprezentantele sexului frumos au fost felicitate de primarul Tatiana Cociu \u0219i membrii echipei lui Ilan \u0218or. Doamnele \u0219i domni\u0219oarele au fost surprinse \u00een strad\u0103, \u00een sta\u021bii sau \u00een transportul public \u0219i chiar la poarta casei.<\/p>\n<p>Felicit\u0103ri din partea primarului nostru de onoare, domnul Ilan \u0218or! S\u0103n\u0103tate, fericire \u0219i s\u0103 fi\u021bi frumoase ca prim\u0103vara de ast\u0103zi! O prim\u0103var\u0103 frumoas\u0103! La mul\u021bi ani!<\/p>\n<p>\u0218i emo\u021biile femeilor au fost pe m\u0103sur\u0103.<\/p>\n<p>\u00cei dorim mult\u0103 s\u0103n\u0103tate \u0219i s\u0103 vin\u0103 acas\u0103, l\u00e2ng\u0103 noi. Mai bine ca el nu ne-a f\u0103cut nimeni.<\/p>\n<p>Primarul municipiului Orhei a remarcat c\u0103 femeile merit\u0103 toat\u0103 aten\u021bia \u0219i a amintit c\u0103 acestea au tot sprijinul echipei lui Ilan \u0218or.<\/p>\n<p>TATIANA COCIU, primarul municipiului Orhei<\/p>\n<p>Cele mai calde ur\u0103ri de bine \u0219i de s\u0103n\u0103tate pentru toate femeile din \u00eentreaga \u021bar\u0103, \u00een special, cele din ora\u0219ul nostru, din municipiul Orhei. Vreau s\u0103 le doresc mult\u0103 s\u0103n\u0103tate, mult\u0103 fericire, s\u0103 aib\u0103 mult\u0103 c\u0103ldur\u0103, pace \u0219i lini\u0219te \u00een suflet, s\u0103-i aib\u0103 pe cei dragi al\u0103turi \u0219i s\u0103 nu uite niciodat\u0103 c\u0103 sunt femei.<\/p>\n<p>Merit\u0103 toat\u0103 aten\u021bia din partea b\u0103rba\u021bilor, merit\u0103 s\u0103 fie iubite, merit\u0103 s\u0103 fie apreciate, stimate \u0219i eu, ca primar al municipiului, le doresc la mul\u021bi ani ferici\u021bi, s\u0103 \u0219tie c\u0103 au tot suportul echipei noastre aici, \u00een municipiul Orhei.<\/p>\n<p>Ac\u021biuni similare au avut loc \u0219i \u00een alte localit\u0103\u021bi din raionul Orhei. Printre acestea se num\u0103r\u0103 comunele Jora de Mijloc \u0219i Bul\u0103ie\u0219ti. Unele femei au fost surprinse la casa de cultur\u0103, acolo unde a avut loc \u0219i concerte de s\u0103rb\u0103toare.<\/p>\n<p>Salut\u0103ri lui Ilan Mironovici din Bul\u0103ie\u0219ti. \u00cei dorim pace, s\u0103n\u0103tate, fericire \u0219i bun\u0103stare.<\/p>\n<p>Este foarte pl\u0103cut c\u0103 ne-au felicitat \u0219i nu ne-au uitat. La to\u021bi le dorim pace \u0219i bun\u0103stare.<\/p>\n<p>Dispozi\u021bia este bun\u0103, felicit\u0103rile ne-au pl\u0103cut. La to\u021bi le dorim fericire \u0219i s\u0103n\u0103tate.<\/p>\n<p>MARIA MATUS, fost primar al satului Bul\u0103ie\u0219ti<\/p>\n<p>Mul\u021bumim echipei lui Ilan \u0218or \u0219i lui Ilan \u0218or pentru felicit\u0103ri \u0219i cuvintele calde. Pe Ilan Mironovici \u00eel felicit\u0103m cu ziua de na\u0219tere, el s-a n\u0103scut prim\u0103vara, iar prim\u0103vara ne aduce c\u0103ldur\u0103, bun\u0103tate \u0219i lumin\u0103 \u00een sufletele noastre.<\/p>\n<p>De de flori, felicit\u0103ri \u0219i surprize dulci s-au bucurat \u0219i femeile din sudul \u021b\u0103rii. \u0218i \u00een G\u0103g\u0103uzia, Comrat, Cead\u00eer-Lunga \u0219i Vulc\u0103ne\u0219ti, reprezentan\u021bii echipei lui Ilan \u0218or au felicitat doamnele \u0219i domni\u0219oarele cu ocazia zilei de 8 martie, ur\u00e2ndu-le s\u0103n\u0103tate, fericire \u0219i multe prim\u0103veri \u00eensorite \u00a0ora\u0219ele B\u0103l\u021bi \u0219i Taraclia au fost inundate de flori.<\/p>\n<p>\u00cen semn de admira\u021bie \u0219i recuno\u0219tin\u021b\u0103, membrii echipei lui Ilan \u0218or au adus omagiu fiin\u021bei ginga\u0219e \u0219i iubite care ne face via\u021ba mai frumoas\u0103, care aduce sens existen\u021bei noastre \u2013 Femeia. de la B\u0103l\u021bi \u0219i Taraclia.<\/p>\n<p>Echipa lui Ilan \u0218or a felicitat \u0219i doamnele din Chi\u0219in\u0103u.<\/p>\n<p>Unele femei \u00een v\u00e2rst\u0103 l\u0103crimat de bucurie, men\u021bion\u00e2nd c\u0103, de foarte mult timp, nu au mai primit flori. Aceast\u0103 tradi\u021bie a fost ini\u021biat\u0103 \u00een 2015 de de Ilan \u0218or \u0219i continu\u0103 \u00een fiecare an.<\/p>\n<\/div>\n","protected":false},"excerpt":{"rendered":"<div><img loading=\"lazy\" decoding=\"async\" width=\"696\" height=\"464\" src=\"https:\/\/canal5.md\/wp-content\/uploads\/2025\/03\/flori-1024x682-optimized.jpg\" class=\"attachment-large size-large wp-post-image\" alt=\"\" srcset=\"https:\/\/canal5.md\/wp-content\/uploads\/2025\/03\/flori-1024x682-optimized.jpg 1024w, https:\/\/canal5.md\/wp-content\/uploads\/2025\/03\/flori-300x200-optimized.jpg 300w, https:\/\/canal5.md\/wp-content\/uploads\/2025\/03\/flori-768x512-optimized.jpg 768w, https:\/\/canal5.md\/wp-content\/uploads\/2025\/03\/flori-696x464-optimized.jpg 696w, https:\/\/canal5.md\/wp-content\/uploads\/2025\/03\/flori-1068x712-optimized.jpg 1068w, https:\/\/canal5.md\/wp-content\/uploads\/2025\/03\/flori-optimized.jpg 1280w\">De Ziua Interna\u021bional\u0103 a Femeii, \u00een municipiul Orhei, \u00een mai multe localit\u0103\u021bi din raion, dar \u0219i la Chi\u0219in\u0103u, echipa lui Ilan \u0218or a d\u0103ruit mii de lalele, calde felicit\u0103ri \u0219i cadouri dulci tuturor doamnelor \u0219i domni\u0219oarelor \u00eent\u00e2lnite \u00een cale. Pentru fiecare au fost rostite ur\u0103ri calde \u0219i cuvinte de recuno\u0219tin\u021b\u0103. La r\u00e2ndul lor, doamnele \u0219i [\u2026]<\/div>\n","protected":false},"author":1,"featured_media":68761,"comment_status":"closed","ping_status":"closed","sticky":false,"template":"","format":"standard","meta":{"jnews-multi-image_gallery":[],"jnews_single_post":[],"jnews_primary_category":[],"jnews_social_meta":[],"jnews_override_counter":[],"footnotes":""},"categories":[30],"tags":[],"class_list":["post-68760","post","type-post","status-publish","format-standard","has-post-thumbnail","hentry","category-social_ro"],"_links":{"self":[{"href":"https:\/\/orheifm.live\/index.php\/wp-json\/wp\/v2\/posts\/68760","targetHints":{"allow":["GET"]}}],"collection":[{"href":"https:\/\/orheifm.live\/index.php\/wp-json\/wp\/v2\/posts"}],"about":[{"href":"https:\/\/orheifm.live\/index.php\/wp-json\/wp\/v2\/types\/post"}],"author":[{"embeddable":true,"href":"https:\/\/orheifm.live\/index.php\/wp-json\/wp\/v2\/users\/1"}],"replies":[{"embeddable":true,"href":"https:\/\/orheifm.live\/index.php\/wp-json\/wp\/v2\/comments?post=68760"}],"version-history":[{"count":0,"href":"https:\/\/orheifm.live\/index.php\/wp-json\/wp\/v2\/posts\/68760\/revisions"}],"wp:featuredmedia":[{"embeddable":true,"href":"https:\/\/orheifm.live\/index.php\/wp-json\/wp\/v2\/media\/68761"}],"wp:attachment":[{"href":"https:\/\/orheifm.live\/index.php\/wp-json\/wp\/v2\/media?parent=68760"}],"wp:term":[{"taxonomy":"category","embeddable":true,"href":"https:\/\/orheifm.live\/index.php\/wp-json\/wp\/v2\/categories?post=68760"},{"taxonomy":"post_tag","embeddable":true,"href":"https:\/\/orheifm.live\/index.php\/wp-json\/wp\/v2\/tags?post=68760"}],"curies":[{"name":"wp","href":"https:\/\/api.w.org\/{rel}","templated":true}]}}