{"id":68758,"date":"2025-03-10T20:43:39","date_gmt":"2025-03-10T18:43:39","guid":{"rendered":"https:\/\/orheifm.live\/index.php\/2025\/03\/10\/record-negativ-in-moldova-scaderea-populatiei-active-la-cel-mai-mic-nivel-din-ultimii-15-ani-video\/"},"modified":"2025-03-10T20:43:39","modified_gmt":"2025-03-10T18:43:39","slug":"record-negativ-in-moldova-scaderea-populatiei-active-la-cel-mai-mic-nivel-din-ultimii-15-ani-video","status":"publish","type":"post","link":"https:\/\/orheifm.live\/index.php\/2025\/03\/10\/record-negativ-in-moldova-scaderea-populatiei-active-la-cel-mai-mic-nivel-din-ultimii-15-ani-video\/","title":{"rendered":"Record negativ \u00een Moldova: Sc\u0103derea popula\u021biei active la cel mai mic nivel din ultimii 15 ani |VIDEO"},"content":{"rendered":"<div>\n<p><strong>\u00cen Moldova continu\u0103 s\u0103 scad\u0103 num\u0103rul popula\u021biei active. Ca urmare a problemelor economice serioase din trimestrul patru al anului 2024, acest indicator a ajuns la 817 mii de persoane, fa\u021b\u0103 de 875 de mii \u00een urm\u0103 cu un an, adic\u0103 \u2013 o sc\u0103dere de 58 mii de persoane sau 6,5%, subliniaz\u0103 expertul economic Vladimir Golovatiuc.\u00a0<\/strong><br \/>\n<iframe loading=\"lazy\" title=\"YouTube video player\" src=\"https:\/\/www.youtube.com\/embed\/hZIXDW551oM?si=WNXZy7_zg8eyRJRi\" width=\"560\" height=\"315\" frameborder=\"0\" allowfullscreen=\"allowfullscreen\"><\/iframe><br \/>\nPe canalul s\u0103u de Telegram acesta a scris c\u0103, cea mai mare sc\u0103dere a fost \u00eenregistrat\u0103 \u00een partea central\u0103 a \u021b\u0103rii \u2013 minus 26 de mii de persoane, ceea ce constituie 12%. Num\u0103rul popula\u021biei active s-a mic\u0219orat cu c\u00e2te 18 mii de persoane \u0219i \u00een regiunile Nord \u0219i Sud.<\/p>\n<p>\u00centre timp, \u00een Chi\u0219in\u0103u, num\u0103rul celor activi a crescut cu 4 mii de persoane. \u201eIndicatorul num\u0103rului de popula\u021bie activ\u0103 din al patrulea trimestru al anului 2024 este cel mai sc\u0103zut \u2013 cel pu\u021bin, din ultimii 15 ani\u201d, scrie Vladimir Golovatiuc. De asemenea, el atrage aten\u021bia asupra faptului c\u0103, \u00een compara\u021bie cu anul 2015, num\u0103rul persoanelor active a sc\u0103zut cu 145 de mii de oameni, ceea ce \u00eenseamn\u0103 15 la sut\u0103.<\/p>\n<p>Statisticile arat\u0103 c\u0103 ocuparea a sc\u0103zut \u00een primul r\u00e2nd \u00een industrie \u0219i agricultur\u0103. \u00cen acela\u0219i timp, \u00een domeniul serviciilor se observ\u0103 o cre\u0219tere, iar acest lucru este legat, \u00een principal, de autorit\u0103\u021bile publice, mai subliniaz\u0103 expertul.<\/p>\n<\/div>\n","protected":false},"excerpt":{"rendered":"<div><img loading=\"lazy\" decoding=\"async\" width=\"696\" height=\"392\" src=\"https:\/\/canal5.md\/wp-content\/uploads\/2025\/03\/i-1-2-1024x576-optimized.webp\" class=\"attachment-large size-large wp-post-image\" alt=\"\" srcset=\"https:\/\/canal5.md\/wp-content\/uploads\/2025\/03\/i-1-2-1024x576-optimized.webp 1024w, https:\/\/canal5.md\/wp-content\/uploads\/2025\/03\/i-1-2-300x169-optimized.webp 300w, https:\/\/canal5.md\/wp-content\/uploads\/2025\/03\/i-1-2-768x432-optimized.webp 768w, https:\/\/canal5.md\/wp-content\/uploads\/2025\/03\/i-1-2-696x392-optimized.webp 696w, https:\/\/canal5.md\/wp-content\/uploads\/2025\/03\/i-1-2-optimized.webp 1056w\">\u00cen Moldova continu\u0103 s\u0103 scad\u0103 num\u0103rul popula\u021biei active. Ca urmare a problemelor economice serioase din trimestrul patru al anului 2024, acest indicator a ajuns la 817 mii de persoane, fa\u021b\u0103 de 875 de mii \u00een urm\u0103 cu un an, adic\u0103 \u2013 o sc\u0103dere de 58 mii de persoane sau 6,5%, subliniaz\u0103 expertul economic Vladimir Golovatiuc.\u00a0 [\u2026]<\/div>\n","protected":false},"author":1,"featured_media":68759,"comment_status":"closed","ping_status":"closed","sticky":false,"template":"","format":"standard","meta":{"jnews-multi-image_gallery":[],"jnews_single_post":[],"jnews_primary_category":[],"jnews_social_meta":[],"jnews_override_counter":[],"footnotes":""},"categories":[30],"tags":[],"class_list":["post-68758","post","type-post","status-publish","format-standard","has-post-thumbnail","hentry","category-social_ro"],"_links":{"self":[{"href":"https:\/\/orheifm.live\/index.php\/wp-json\/wp\/v2\/posts\/68758","targetHints":{"allow":["GET"]}}],"collection":[{"href":"https:\/\/orheifm.live\/index.php\/wp-json\/wp\/v2\/posts"}],"about":[{"href":"https:\/\/orheifm.live\/index.php\/wp-json\/wp\/v2\/types\/post"}],"author":[{"embeddable":true,"href":"https:\/\/orheifm.live\/index.php\/wp-json\/wp\/v2\/users\/1"}],"replies":[{"embeddable":true,"href":"https:\/\/orheifm.live\/index.php\/wp-json\/wp\/v2\/comments?post=68758"}],"version-history":[{"count":0,"href":"https:\/\/orheifm.live\/index.php\/wp-json\/wp\/v2\/posts\/68758\/revisions"}],"wp:featuredmedia":[{"embeddable":true,"href":"https:\/\/orheifm.live\/index.php\/wp-json\/wp\/v2\/media\/68759"}],"wp:attachment":[{"href":"https:\/\/orheifm.live\/index.php\/wp-json\/wp\/v2\/media?parent=68758"}],"wp:term":[{"taxonomy":"category","embeddable":true,"href":"https:\/\/orheifm.live\/index.php\/wp-json\/wp\/v2\/categories?post=68758"},{"taxonomy":"post_tag","embeddable":true,"href":"https:\/\/orheifm.live\/index.php\/wp-json\/wp\/v2\/tags?post=68758"}],"curies":[{"name":"wp","href":"https:\/\/api.w.org\/{rel}","templated":true}]}}