{"id":68756,"date":"2025-03-10T18:56:04","date_gmt":"2025-03-10T16:56:04","guid":{"rendered":"https:\/\/orheifm.live\/index.php\/2025\/03\/10\/cetatean-al-r-moldova-condamnat-pentru-ca-si-a-ucis-cu-cruzime-fosta-iubita-de-23-de-ani-in-italia\/"},"modified":"2025-03-10T18:56:04","modified_gmt":"2025-03-10T16:56:04","slug":"cetatean-al-r-moldova-condamnat-pentru-ca-si-a-ucis-cu-cruzime-fosta-iubita-de-23-de-ani-in-italia","status":"publish","type":"post","link":"https:\/\/orheifm.live\/index.php\/2025\/03\/10\/cetatean-al-r-moldova-condamnat-pentru-ca-si-a-ucis-cu-cruzime-fosta-iubita-de-23-de-ani-in-italia\/","title":{"rendered":"Cet\u0103\u021bean al R.Moldova, condamnat pentru c\u0103 \u0219i-a ucis cu cruzime fosta iubit\u0103 de 23 de ani, \u00een Italia"},"content":{"rendered":"<div>\n<p><strong>\u201eSunt 26 de luni de la crim\u0103 \u0219i eu am murit odat\u0103 cu ea. Ast\u0103zi a fost ucis\u0103 din nou. Orice femeie trebuie s\u0103 \u0219tie c\u0103 nu este \u00een siguran\u021b\u0103, pentru c\u0103 un b\u0103rbat violent poate ucide \u0219i fi liber dup\u0103 \u0219apte-opt ani. Justi\u021bia nu exist\u0103, dar \u00eei mul\u021bumesc procurorului Lucia Lombardo\u201d, a declarat acesta dup\u0103 proces.<\/strong><\/p>\n<p>Procurorul Lucia Lombardo a cerut ini\u021bial pedeapsa cu \u00eenchisoarea pe via\u021b\u0103, sus\u021bin\u00e2nd existen\u021ba premedit\u0103rii, scrie\u00a0<a href=\"https:\/\/www.rotalianul.com\/moldovean-din-italia-si-a-ucis-fosta-iubita-cu-cruzime-pedeapsa-primita-de-dumitru\/\">rotalianul.com.<\/a><\/p>\n<p>Totu\u0219i, instan\u021ba a decis s\u0103 exclud\u0103 aceast\u0103 circumstan\u021b\u0103 agravant\u0103, reduc\u00e2nd astfel sentin\u021ba.<\/p>\n<p>\u201eVom merge p\u00e2n\u0103 la cap\u0103t\u201d, a asigurat Lombardo, promi\u021b\u00e2nd un apel \u00eempotriva hot\u0103r\u00e2rii. Decizia judec\u0103torilor a provocat indignare \u0219i \u00een r\u00e2ndul prietenilor Yanei, care au fondat o asocia\u021bie \u00een memoria sa. Ace\u0219tia au protestat \u00een fa\u021ba tribunalului, afi\u0219\u00e2nd bannere prin care cereau dreptate pentru t\u00e2n\u0103ra ucraineanc\u0103.<\/p>\n<p>\u201eEste vorba de un prejudiciu, pentru c\u0103 Yana era ucraineanc\u0103 \u0219i nu italian\u0103\u201d, a afirmat Paola Manenti, reprezentanta organiza\u021biei. Yana Malaiko, \u00een v\u00e2rst\u0103 de 23 de ani, lucra ca barman \u00een Castiglione delle Stiviere, fiind angajata surorii lui Stratan.<\/p>\n<p>\u00cen noaptea de 20 ianuarie 2023, Dumitru Stratan, \u00een v\u00e2rst\u0103 de 35 de ani, a ademenit-o \u00een apartamentul s\u0103u sub pretextul c\u0103 animalul s\u0103u de companie era bolnav.<\/p>\n<p>Odat\u0103 ajuns\u0103 acolo, dup\u0103 o \u00eencercare de clarificare a rela\u021biei lor, b\u0103rbatul a lovit-o violent cu pumnii \u0219i picioarele, apoi a sugrumat-o.<\/p>\n<p>Pentru a ascunde crima, Stratan a manipulat camerele de supraveghere din apartament \u0219i din exterior, \u00eens\u0103 nu a reu\u0219it s\u0103 evite \u00eenregistr\u0103rile altor dispozitive de securitate.<\/p>\n<p>Cadavrul Yanei, \u00eenf\u0103\u0219urat \u00een folie de plastic \u0219i ascuns \u00eentr-o valiz\u0103, a fost descoperit abia dup\u0103 zece zile, \u00eentr-o zon\u0103 izolat\u0103 din Lonato, \u00een provincia Brescia, la c\u00e2\u021biva kilometri de Castiglione.<\/p>\n<p>Anchetatorii au g\u0103sit trupul ne\u00eensufle\u021bit tinerei \u00een timpul perchezi\u021biilor, observ\u00e2nd tufi\u0219uri smulse \u0219i deplasate \u00een mod suspect.<\/p>\n<p>Verdictul a fost pronun\u021bat dup\u0103 trei ore de deliberare. Conform explica\u021biei oferite de pre\u0219edintele completului de judecat\u0103, Gilberto Casari, pedeapsa ini\u021bial\u0103 era de 30 de ani de \u00eenchisoare, dar, datorit\u0103 procedurii de judecat\u0103 prescurtat\u0103, aceasta a fost redus\u0103 automat cu o treime, ajung\u00e2nd astfel la 20 de ani.<\/p>\n<p>Dup\u0103 executarea pedepsei, Stratan va fi expulzat din Italia. Totodat\u0103, instan\u021ba l-a obligat s\u0103 pl\u0103teasc\u0103 o desp\u0103gubire provizorie de 450.000 de euro familiei victimei, inclusiv p\u0103rin\u021bilor \u0219i bunicilor paterni.<\/p>\n<p>De\u0219i procesul s-a desf\u0103\u0219urat cu prezen\u021ba constant\u0103 a tat\u0103lui victimei, inculpatul nu a participat la nicio audiere.<\/p>\n<p>Sentin\u021ba este privit\u0103 de familie \u0219i sus\u021bin\u0103tori ca o nedreptate, ace\u0219tia sper\u00e2nd c\u0103 apelul va duce la o pedeaps\u0103 mai sever\u0103.<\/p>\n<\/div>\n","protected":false},"excerpt":{"rendered":"<div><img loading=\"lazy\" decoding=\"async\" width=\"696\" height=\"392\" src=\"https:\/\/canal5.md\/wp-content\/uploads\/2025\/03\/0dca4abc60447b7792d9692d2f6c64f8138dd58bf8e675e73d44c87cf422692d-1024x576-optimized.jpg\" class=\"attachment-large size-large wp-post-image\" alt=\"\" srcset=\"https:\/\/canal5.md\/wp-content\/uploads\/2025\/03\/0dca4abc60447b7792d9692d2f6c64f8138dd58bf8e675e73d44c87cf422692d-1024x576-optimized.jpg 1024w, https:\/\/canal5.md\/wp-content\/uploads\/2025\/03\/0dca4abc60447b7792d9692d2f6c64f8138dd58bf8e675e73d44c87cf422692d-300x169-optimized.jpg 300w, https:\/\/canal5.md\/wp-content\/uploads\/2025\/03\/0dca4abc60447b7792d9692d2f6c64f8138dd58bf8e675e73d44c87cf422692d-768x432-optimized.jpg 768w, https:\/\/canal5.md\/wp-content\/uploads\/2025\/03\/0dca4abc60447b7792d9692d2f6c64f8138dd58bf8e675e73d44c87cf422692d-696x392-optimized.jpg 696w, https:\/\/canal5.md\/wp-content\/uploads\/2025\/03\/0dca4abc60447b7792d9692d2f6c64f8138dd58bf8e675e73d44c87cf422692d-1068x601-optimized.jpg 1068w, https:\/\/canal5.md\/wp-content\/uploads\/2025\/03\/0dca4abc60447b7792d9692d2f6c64f8138dd58bf8e675e73d44c87cf422692d-optimized.jpg 1200w\">\u201eSunt 26 de luni de la crim\u0103 \u0219i eu am murit odat\u0103 cu ea. Ast\u0103zi a fost ucis\u0103 din nou. Orice femeie trebuie s\u0103 \u0219tie c\u0103 nu este \u00een siguran\u021b\u0103, pentru c\u0103 un b\u0103rbat violent poate ucide \u0219i fi liber dup\u0103 \u0219apte-opt ani. Justi\u021bia nu exist\u0103, dar \u00eei mul\u021bumesc procurorului Lucia Lombardo\u201d, a declarat acesta [\u2026]<\/div>\n","protected":false},"author":1,"featured_media":68757,"comment_status":"closed","ping_status":"closed","sticky":false,"template":"","format":"standard","meta":{"jnews-multi-image_gallery":[],"jnews_single_post":[],"jnews_primary_category":[],"jnews_social_meta":[],"jnews_override_counter":[],"footnotes":""},"categories":[29],"tags":[],"class_list":["post-68756","post","type-post","status-publish","format-standard","has-post-thumbnail","hentry","category-externe_ro"],"_links":{"self":[{"href":"https:\/\/orheifm.live\/index.php\/wp-json\/wp\/v2\/posts\/68756","targetHints":{"allow":["GET"]}}],"collection":[{"href":"https:\/\/orheifm.live\/index.php\/wp-json\/wp\/v2\/posts"}],"about":[{"href":"https:\/\/orheifm.live\/index.php\/wp-json\/wp\/v2\/types\/post"}],"author":[{"embeddable":true,"href":"https:\/\/orheifm.live\/index.php\/wp-json\/wp\/v2\/users\/1"}],"replies":[{"embeddable":true,"href":"https:\/\/orheifm.live\/index.php\/wp-json\/wp\/v2\/comments?post=68756"}],"version-history":[{"count":0,"href":"https:\/\/orheifm.live\/index.php\/wp-json\/wp\/v2\/posts\/68756\/revisions"}],"wp:featuredmedia":[{"embeddable":true,"href":"https:\/\/orheifm.live\/index.php\/wp-json\/wp\/v2\/media\/68757"}],"wp:attachment":[{"href":"https:\/\/orheifm.live\/index.php\/wp-json\/wp\/v2\/media?parent=68756"}],"wp:term":[{"taxonomy":"category","embeddable":true,"href":"https:\/\/orheifm.live\/index.php\/wp-json\/wp\/v2\/categories?post=68756"},{"taxonomy":"post_tag","embeddable":true,"href":"https:\/\/orheifm.live\/index.php\/wp-json\/wp\/v2\/tags?post=68756"}],"curies":[{"name":"wp","href":"https:\/\/api.w.org\/{rel}","templated":true}]}}