{"id":68750,"date":"2025-03-10T18:23:12","date_gmt":"2025-03-10T16:23:12","guid":{"rendered":"https:\/\/orheifm.live\/index.php\/2025\/03\/10\/balti-cel-mai-poluat-oras-din-moldova-indicele-calitatii-aerului-a-atins-un-nivel-periculos\/"},"modified":"2025-03-10T18:23:12","modified_gmt":"2025-03-10T16:23:12","slug":"balti-cel-mai-poluat-oras-din-moldova-indicele-calitatii-aerului-a-atins-un-nivel-periculos","status":"publish","type":"post","link":"https:\/\/orheifm.live\/index.php\/2025\/03\/10\/balti-cel-mai-poluat-oras-din-moldova-indicele-calitatii-aerului-a-atins-un-nivel-periculos\/","title":{"rendered":"B\u0103l\u021bi, cel mai poluat ora\u0219 din Moldova: Indicele calit\u0103\u021bii aerului a atins un nivel periculos"},"content":{"rendered":"<div>\n<div class=\"flex max-w-full flex-col flex-grow\">\n<div class=\"min-h-8 text-message relative flex w-full flex-col items-end gap-2 whitespace-normal break-words text-start [.text-message+&amp;]:mt-5\" dir=\"auto\" data-message-author-role=\"assistant\" data-message-id=\"fe66aad0-c04a-438d-b726-58102ecbcb7a\" data-message-model-slug=\"gpt-4o\">\n<div class=\"flex w-full flex-col gap-1 empty:hidden first:pt-[3px]\">\n<div class=\"markdown prose w-full break-words dark:prose-invert light\">\n<p data-start=\"101\" data-end=\"332\"><strong>B\u0103l\u021bi \u00eenregistreaz\u0103 cel mai \u00eenalt nivel de poluare a aerului din Republica Moldova, potrivit platformei IQ Air. La moment, indicele calit\u0103\u021bii aerului este de 158, un nivel considerat nociv pentru grupurile sensibile de popula\u021bie.<\/strong><\/p>\n<p data-start=\"334\" data-end=\"569\">Principala amenin\u021bare o reprezint\u0103 particulele microscopice PM 2,5, care pot p\u0103trunde \u00een sistemul respirator \u0219i cauza probleme grave de s\u0103n\u0103tate. Aceste particule sunt generate at\u00e2t de fenomene naturale, c\u00e2t \u0219i de activit\u0103\u021bile umane.<\/p>\n<p data-start=\"571\" data-end=\"871\" data-is-last-node=\"\" data-is-only-node=\"\">Exper\u021bii estimeaz\u0103 c\u0103 nivelurile de poluare vor sc\u0103dea odat\u0103 cu l\u0103sarea nop\u021bii, iar indicele calit\u0103\u021bii aerului va ajunge la 60 p\u00e2n\u0103 la ora 23:00. Aerul poluat are efecte negative at\u00e2t pe termen scurt, c\u00e2t \u0219i pe termen lung, fiind un factor de risc major pentru bolile cardiovasculare \u0219i respiratorii.<\/p>\n<\/div>\n<\/div>\n<\/div>\n<\/div>\n<\/div>\n","protected":false},"excerpt":{"rendered":"<div><img loading=\"lazy\" decoding=\"async\" width=\"696\" height=\"458\" src=\"https:\/\/canal5.md\/wp-content\/uploads\/2025\/03\/695354-optimized.webp\" class=\"attachment-large size-large wp-post-image\" alt=\"\" srcset=\"https:\/\/canal5.md\/wp-content\/uploads\/2025\/03\/695354-optimized.webp 760w, https:\/\/canal5.md\/wp-content\/uploads\/2025\/03\/695354-300x197-optimized.webp 300w, https:\/\/canal5.md\/wp-content\/uploads\/2025\/03\/695354-696x458-optimized.webp 696w\">B\u0103l\u021bi \u00eenregistreaz\u0103 cel mai \u00eenalt nivel de poluare a aerului din Republica Moldova, potrivit platformei IQ Air. La moment, indicele calit\u0103\u021bii aerului este de 158, un nivel considerat nociv pentru grupurile sensibile de popula\u021bie. Principala amenin\u021bare o reprezint\u0103 particulele microscopice PM 2,5, care pot p\u0103trunde \u00een sistemul respirator \u0219i cauza probleme grave de s\u0103n\u0103tate. Aceste [\u2026]<\/div>\n","protected":false},"author":1,"featured_media":68751,"comment_status":"closed","ping_status":"closed","sticky":false,"template":"","format":"standard","meta":{"jnews-multi-image_gallery":[],"jnews_single_post":[],"jnews_primary_category":[],"jnews_social_meta":[],"jnews_override_counter":[],"footnotes":""},"categories":[30],"tags":[],"class_list":["post-68750","post","type-post","status-publish","format-standard","has-post-thumbnail","hentry","category-social_ro"],"_links":{"self":[{"href":"https:\/\/orheifm.live\/index.php\/wp-json\/wp\/v2\/posts\/68750","targetHints":{"allow":["GET"]}}],"collection":[{"href":"https:\/\/orheifm.live\/index.php\/wp-json\/wp\/v2\/posts"}],"about":[{"href":"https:\/\/orheifm.live\/index.php\/wp-json\/wp\/v2\/types\/post"}],"author":[{"embeddable":true,"href":"https:\/\/orheifm.live\/index.php\/wp-json\/wp\/v2\/users\/1"}],"replies":[{"embeddable":true,"href":"https:\/\/orheifm.live\/index.php\/wp-json\/wp\/v2\/comments?post=68750"}],"version-history":[{"count":0,"href":"https:\/\/orheifm.live\/index.php\/wp-json\/wp\/v2\/posts\/68750\/revisions"}],"wp:featuredmedia":[{"embeddable":true,"href":"https:\/\/orheifm.live\/index.php\/wp-json\/wp\/v2\/media\/68751"}],"wp:attachment":[{"href":"https:\/\/orheifm.live\/index.php\/wp-json\/wp\/v2\/media?parent=68750"}],"wp:term":[{"taxonomy":"category","embeddable":true,"href":"https:\/\/orheifm.live\/index.php\/wp-json\/wp\/v2\/categories?post=68750"},{"taxonomy":"post_tag","embeddable":true,"href":"https:\/\/orheifm.live\/index.php\/wp-json\/wp\/v2\/tags?post=68750"}],"curies":[{"name":"wp","href":"https:\/\/api.w.org\/{rel}","templated":true}]}}