{"id":68748,"date":"2025-03-10T17:40:42","date_gmt":"2025-03-10T15:40:42","guid":{"rendered":"https:\/\/orheifm.live\/index.php\/2025\/03\/10\/prioritate-pentru-siguranta-musk-a-negat-informatiile-despre-o-calatorie-in-romania\/"},"modified":"2025-03-10T17:40:42","modified_gmt":"2025-03-10T15:40:42","slug":"prioritate-pentru-siguranta-musk-a-negat-informatiile-despre-o-calatorie-in-romania","status":"publish","type":"post","link":"https:\/\/orheifm.live\/index.php\/2025\/03\/10\/prioritate-pentru-siguranta-musk-a-negat-informatiile-despre-o-calatorie-in-romania\/","title":{"rendered":"\u201ePrioritate pentru siguran\u021b\u0103\u201d: Musk a negat informa\u021biile despre o c\u0103l\u0103torie \u00een Rom\u00e2nia"},"content":{"rendered":"<div>\n<p data-start=\"94\" data-end=\"393\"><strong>\u0218eful Departamentului pentru Eficien\u021b\u0103 Guvernamental\u0103 al SUA (DOGE), omul de afaceri american Elon Musk, a infirmat pe re\u021beaua de socializare X zvonurile potrivit c\u0103rora ar urma s\u0103 viziteze Rom\u00e2nia la \u00eenceputul lunii aprilie. Acesta a declarat c\u0103 este mai \u00een\u021belept s\u0103 acorde prioritate siguran\u021bei.<\/strong><\/p>\n<p data-start=\"395\" data-end=\"636\">\u201eProbabil c\u0103 este mai rezonabil pentru mine s\u0103 dau prioritate siguran\u021bei, av\u00e2nd \u00een vedere aceste vremuri nebune. R\u0103m\u00e2n \u00een America p\u00e2n\u0103 c\u00e2nd pre\u0219edintele SUA, Donald Trump, \u00eemi va cere s\u0103 plec \u00eentr-o c\u0103l\u0103torie \u00een str\u0103in\u0103tate\u201d, a scris Musk.<\/p>\n<p data-start=\"638\" data-end=\"952\">Declara\u021bia sa a fost un r\u0103spuns la o postare a unui utilizator al re\u021belei X, care a men\u021bionat zvonurile despre vizita lui Musk \u00een Rom\u00e2nia \u0219i l-a sf\u0103tuit s\u0103 nu fac\u0103 acest lucru. Autorul post\u0103rii a sus\u021binut c\u0103 SUA nu \u00ee\u0219i poate permite s\u0103-l piard\u0103 pe Musk \u0219i c\u0103 \u201eRom\u00e2nia a demonstrat c\u0103 nu este o \u021bar\u0103 democratic\u0103\u201d.<\/p>\n<p data-start=\"954\" data-end=\"1105\">Recent, Elon Musk a criticat decizia Biroului Electoral Central al Rom\u00e2niei de a respinge candidatura lui C\u0103lin Georgescu la alegerile preziden\u021biale.<\/p>\n<p data-start=\"1107\" data-end=\"1560\">Pe 26 februarie, autorit\u0103\u021bile rom\u00e2ne au emis un mandat de arestare pe numele lui C\u0103lin Georgescu. Potrivit agen\u021biei Mediafax, politicianul, pe care unele publica\u021bii \u00eel consider\u0103 \u201eprorusesc\u201d, este suspectat de crearea unei organiza\u021bii fasciste cu scopul de a submina ordinea constitu\u021bional\u0103 \u0219i de finan\u021bare ilegal\u0103 a campaniei electorale. \u00cen cadrul anchetei, \u00een diminea\u021ba aceleia\u0219i zile, au avut loc perchezi\u021bii la persoane din anturajul lui Georgescu.<\/p>\n<p data-start=\"1562\" data-end=\"1690\" data-is-last-node=\"\" data-is-only-node=\"\">Anterior, C\u0103lin Georgescu a comentat refuzul autorit\u0103\u021bilor de a-i \u00eenregistra candidatura la alegerile preziden\u021biale din Rom\u00e2nia.<\/p>\n<\/div>\n","protected":false},"excerpt":{"rendered":"<div><img loading=\"lazy\" decoding=\"async\" width=\"696\" height=\"464\" src=\"https:\/\/canal5.md\/wp-content\/uploads\/2025\/03\/20241113_faa_s152_023-pic_32ratio_900x600-900x600-49532-1-optimized.jpg\" class=\"attachment-large size-large wp-post-image\" alt=\"\" srcset=\"https:\/\/canal5.md\/wp-content\/uploads\/2025\/03\/20241113_faa_s152_023-pic_32ratio_900x600-900x600-49532-1-optimized.jpg 900w, https:\/\/canal5.md\/wp-content\/uploads\/2025\/03\/20241113_faa_s152_023-pic_32ratio_900x600-900x600-49532-1-300x200-optimized.jpg 300w, https:\/\/canal5.md\/wp-content\/uploads\/2025\/03\/20241113_faa_s152_023-pic_32ratio_900x600-900x600-49532-1-768x512-optimized.jpg 768w, https:\/\/canal5.md\/wp-content\/uploads\/2025\/03\/20241113_faa_s152_023-pic_32ratio_900x600-900x600-49532-1-696x464-optimized.jpg 696w\">\u0218eful Departamentului pentru Eficien\u021b\u0103 Guvernamental\u0103 al SUA (DOGE), omul de afaceri american Elon Musk, a infirmat pe re\u021beaua de socializare X zvonurile potrivit c\u0103rora ar urma s\u0103 viziteze Rom\u00e2nia la \u00eenceputul lunii aprilie. Acesta a declarat c\u0103 este mai \u00een\u021belept s\u0103 acorde prioritate siguran\u021bei. \u201eProbabil c\u0103 este mai rezonabil pentru mine s\u0103 dau prioritate siguran\u021bei, [\u2026]<\/div>\n","protected":false},"author":1,"featured_media":68749,"comment_status":"closed","ping_status":"closed","sticky":false,"template":"","format":"standard","meta":{"jnews-multi-image_gallery":[],"jnews_single_post":[],"jnews_primary_category":[],"jnews_social_meta":[],"jnews_override_counter":[],"footnotes":""},"categories":[29],"tags":[],"class_list":["post-68748","post","type-post","status-publish","format-standard","has-post-thumbnail","hentry","category-externe_ro"],"_links":{"self":[{"href":"https:\/\/orheifm.live\/index.php\/wp-json\/wp\/v2\/posts\/68748","targetHints":{"allow":["GET"]}}],"collection":[{"href":"https:\/\/orheifm.live\/index.php\/wp-json\/wp\/v2\/posts"}],"about":[{"href":"https:\/\/orheifm.live\/index.php\/wp-json\/wp\/v2\/types\/post"}],"author":[{"embeddable":true,"href":"https:\/\/orheifm.live\/index.php\/wp-json\/wp\/v2\/users\/1"}],"replies":[{"embeddable":true,"href":"https:\/\/orheifm.live\/index.php\/wp-json\/wp\/v2\/comments?post=68748"}],"version-history":[{"count":0,"href":"https:\/\/orheifm.live\/index.php\/wp-json\/wp\/v2\/posts\/68748\/revisions"}],"wp:featuredmedia":[{"embeddable":true,"href":"https:\/\/orheifm.live\/index.php\/wp-json\/wp\/v2\/media\/68749"}],"wp:attachment":[{"href":"https:\/\/orheifm.live\/index.php\/wp-json\/wp\/v2\/media?parent=68748"}],"wp:term":[{"taxonomy":"category","embeddable":true,"href":"https:\/\/orheifm.live\/index.php\/wp-json\/wp\/v2\/categories?post=68748"},{"taxonomy":"post_tag","embeddable":true,"href":"https:\/\/orheifm.live\/index.php\/wp-json\/wp\/v2\/tags?post=68748"}],"curies":[{"name":"wp","href":"https:\/\/api.w.org\/{rel}","templated":true}]}}