{"id":68731,"date":"2025-03-10T14:00:44","date_gmt":"2025-03-10T12:00:44","guid":{"rendered":"https:\/\/orheifm.live\/index.php\/2025\/03\/10\/tata-abuzator-20-de-ani-de-inchisoare-pentru-violarea-fiicei-adoptive\/"},"modified":"2025-03-10T14:00:44","modified_gmt":"2025-03-10T12:00:44","slug":"tata-abuzator-20-de-ani-de-inchisoare-pentru-violarea-fiicei-adoptive","status":"publish","type":"post","link":"https:\/\/orheifm.live\/index.php\/2025\/03\/10\/tata-abuzator-20-de-ani-de-inchisoare-pentru-violarea-fiicei-adoptive\/","title":{"rendered":"Tat\u0103 abuzator, 20 de ani de \u00eenchisoare pentru violarea fiicei adoptive"},"content":{"rendered":"<div>\n<p data-sourcepos=\"1:1-1:152\"><strong>Un b\u0103rbat de 48 de ani a fost condamnat la 20 de ani de \u00eenchisoare pentru viol \u0219i ac\u021biuni sexuale violente asupra fiicei sale adoptive, care era minor\u0103.<\/strong><\/p>\n<p data-sourcepos=\"3:1-3:183\">Procurorii au stabilit c\u0103 b\u0103rbatul a abuzat-o pe fat\u0103 \u00eencep\u00e2nd cu anul 2011, c\u00e2nd aceasta era doar un copil. \u00cen ianuarie 2024, el a violat-o din nou, profit\u00e2nd de absen\u021ba so\u021biei sale.<\/p>\n<p data-sourcepos=\"5:1-5:123\">Instan\u021ba a considerat vinovat b\u0103rbatul \u0219i l-a condamnat la 20 de ani de \u00eenchisoare \u00eentr-un penitenciar de maxim\u0103 siguran\u021b\u0103.<\/p>\n<p data-sourcepos=\"7:1-7:79\">Aceast\u0103 sentin\u021b\u0103 nu este definitiv\u0103 \u0219i poate fi atacat\u0103 la Curtea de Apel Nord.<\/p>\n<\/div>\n","protected":false},"excerpt":{"rendered":"<div><img loading=\"lazy\" decoding=\"async\" width=\"696\" height=\"392\" src=\"https:\/\/canal5.md\/wp-content\/uploads\/2025\/03\/95214cac36b68a8d0b83ea6a3c852112101a2e382aaff4ff4626ee28557184e5-1024x576-optimized.jpg\" class=\"attachment-large size-large wp-post-image\" alt=\"\" srcset=\"https:\/\/canal5.md\/wp-content\/uploads\/2025\/03\/95214cac36b68a8d0b83ea6a3c852112101a2e382aaff4ff4626ee28557184e5-1024x576-optimized.jpg 1024w, https:\/\/canal5.md\/wp-content\/uploads\/2025\/03\/95214cac36b68a8d0b83ea6a3c852112101a2e382aaff4ff4626ee28557184e5-300x169-optimized.jpg 300w, https:\/\/canal5.md\/wp-content\/uploads\/2025\/03\/95214cac36b68a8d0b83ea6a3c852112101a2e382aaff4ff4626ee28557184e5-768x432-optimized.jpg 768w, https:\/\/canal5.md\/wp-content\/uploads\/2025\/03\/95214cac36b68a8d0b83ea6a3c852112101a2e382aaff4ff4626ee28557184e5-696x392-optimized.jpg 696w, https:\/\/canal5.md\/wp-content\/uploads\/2025\/03\/95214cac36b68a8d0b83ea6a3c852112101a2e382aaff4ff4626ee28557184e5-1068x601-optimized.jpg 1068w, https:\/\/canal5.md\/wp-content\/uploads\/2025\/03\/95214cac36b68a8d0b83ea6a3c852112101a2e382aaff4ff4626ee28557184e5-optimized.jpg 1200w\">Un b\u0103rbat de 48 de ani a fost condamnat la 20 de ani de \u00eenchisoare pentru viol \u0219i ac\u021biuni sexuale violente asupra fiicei sale adoptive, care era minor\u0103. Procurorii au stabilit c\u0103 b\u0103rbatul a abuzat-o pe fat\u0103 \u00eencep\u00e2nd cu anul 2011, c\u00e2nd aceasta era doar un copil. \u00cen ianuarie 2024, el a violat-o din nou, [\u2026]<\/div>\n","protected":false},"author":1,"featured_media":68732,"comment_status":"closed","ping_status":"closed","sticky":false,"template":"","format":"standard","meta":{"jnews-multi-image_gallery":[],"jnews_single_post":[],"jnews_primary_category":[],"jnews_social_meta":[],"jnews_override_counter":[],"footnotes":""},"categories":[30],"tags":[],"class_list":["post-68731","post","type-post","status-publish","format-standard","has-post-thumbnail","hentry","category-social_ro"],"_links":{"self":[{"href":"https:\/\/orheifm.live\/index.php\/wp-json\/wp\/v2\/posts\/68731","targetHints":{"allow":["GET"]}}],"collection":[{"href":"https:\/\/orheifm.live\/index.php\/wp-json\/wp\/v2\/posts"}],"about":[{"href":"https:\/\/orheifm.live\/index.php\/wp-json\/wp\/v2\/types\/post"}],"author":[{"embeddable":true,"href":"https:\/\/orheifm.live\/index.php\/wp-json\/wp\/v2\/users\/1"}],"replies":[{"embeddable":true,"href":"https:\/\/orheifm.live\/index.php\/wp-json\/wp\/v2\/comments?post=68731"}],"version-history":[{"count":0,"href":"https:\/\/orheifm.live\/index.php\/wp-json\/wp\/v2\/posts\/68731\/revisions"}],"wp:featuredmedia":[{"embeddable":true,"href":"https:\/\/orheifm.live\/index.php\/wp-json\/wp\/v2\/media\/68732"}],"wp:attachment":[{"href":"https:\/\/orheifm.live\/index.php\/wp-json\/wp\/v2\/media?parent=68731"}],"wp:term":[{"taxonomy":"category","embeddable":true,"href":"https:\/\/orheifm.live\/index.php\/wp-json\/wp\/v2\/categories?post=68731"},{"taxonomy":"post_tag","embeddable":true,"href":"https:\/\/orheifm.live\/index.php\/wp-json\/wp\/v2\/tags?post=68731"}],"curies":[{"name":"wp","href":"https:\/\/api.w.org\/{rel}","templated":true}]}}