{"id":68729,"date":"2025-03-10T13:40:03","date_gmt":"2025-03-10T11:40:03","guid":{"rendered":"https:\/\/orheifm.live\/index.php\/2025\/03\/10\/asasinul-din-riscani-inca-in-libertate-trei-complici-identificati-peste-hotare\/"},"modified":"2025-03-10T13:40:03","modified_gmt":"2025-03-10T11:40:03","slug":"asasinul-din-riscani-inca-in-libertate-trei-complici-identificati-peste-hotare","status":"publish","type":"post","link":"https:\/\/orheifm.live\/index.php\/2025\/03\/10\/asasinul-din-riscani-inca-in-libertate-trei-complici-identificati-peste-hotare\/","title":{"rendered":"Asasinul din R\u00ee\u0219cani \u00eenc\u0103 \u00een libertate: trei complici identifica\u021bi peste hotare"},"content":{"rendered":"<div>\n<p data-start=\"91\" data-end=\"281\"><strong>Uciga\u0219ul care l-a \u00eempu\u0219cat pe Izzet Eren anul trecut, \u00een sectorul R\u00ee\u0219cani al Capitalei, nu a fost \u00eenc\u0103 prins. Declara\u021bia a fost f\u0103cut\u0103 de \u0219eful IGP, Viorel Cern\u0103u\u021beanu, \u00eentr-o emisiune TV.<\/strong><\/p>\n<p data-start=\"283\" data-end=\"594\">Potrivit acestuia, trei complici au fost identifica\u021bi \u00een afara \u021b\u0103rii, unul fiind re\u021binut \u00een Marea Britanie. \u021ainta a fost monitorizat\u0103 timp de c\u00e2teva zile cu o camer\u0103 de supraveghere amplasat\u0103 \u00eentr-un apartament din apropiere. Dup\u0103 crim\u0103, o femeie complice a distrus probele, inclusiv camera \u0219i suportul video.<\/p>\n<p data-start=\"596\" data-end=\"833\">\u201eUnul a tras, altul a asigurat logistica, iar un al treilea a fost \u0219oferul unei ma\u0219ini \u00eenchiriate din Rom\u00e2nia. Cele trei persoane sunt identificate, dar, cu regret, dou\u0103 dintre ele nu se afl\u0103 \u00een state europene\u201d, a precizat Cern\u0103u\u021beanu.<\/p>\n<p data-start=\"835\" data-end=\"1085\" data-is-last-node=\"\" data-is-only-node=\"\">Reamintim c\u0103, pe 10 iulie 2024, Izzet Eren, membru al unei grup\u0103ri criminale c\u0103utat interna\u021bional, a fost \u00eempu\u0219cat de un atacator mascat aflat pe trotinet\u0103. Poli\u021bia a re\u021binut doi suspec\u021bi considera\u021bi complici, \u00eens\u0103 autorul crimei r\u0103m\u00e2ne \u00een libertate.<\/p>\n<\/div>\n","protected":false},"excerpt":{"rendered":"<div><img loading=\"lazy\" decoding=\"async\" width=\"696\" height=\"392\" src=\"https:\/\/canal5.md\/wp-content\/uploads\/2025\/03\/b2ef56c569f2c08be575c2c8198dcc63112df0611189653a671b62e288a9b892-1024x576-optimized.jpg\" class=\"attachment-large size-large wp-post-image\" alt=\"\" srcset=\"https:\/\/canal5.md\/wp-content\/uploads\/2025\/03\/b2ef56c569f2c08be575c2c8198dcc63112df0611189653a671b62e288a9b892-1024x576-optimized.jpg 1024w, https:\/\/canal5.md\/wp-content\/uploads\/2025\/03\/b2ef56c569f2c08be575c2c8198dcc63112df0611189653a671b62e288a9b892-300x169-optimized.jpg 300w, https:\/\/canal5.md\/wp-content\/uploads\/2025\/03\/b2ef56c569f2c08be575c2c8198dcc63112df0611189653a671b62e288a9b892-768x432-optimized.jpg 768w, https:\/\/canal5.md\/wp-content\/uploads\/2025\/03\/b2ef56c569f2c08be575c2c8198dcc63112df0611189653a671b62e288a9b892-696x392-optimized.jpg 696w, https:\/\/canal5.md\/wp-content\/uploads\/2025\/03\/b2ef56c569f2c08be575c2c8198dcc63112df0611189653a671b62e288a9b892-1068x601-optimized.jpg 1068w, https:\/\/canal5.md\/wp-content\/uploads\/2025\/03\/b2ef56c569f2c08be575c2c8198dcc63112df0611189653a671b62e288a9b892-optimized.jpg 1200w\">Uciga\u0219ul care l-a \u00eempu\u0219cat pe Izzet Eren anul trecut, \u00een sectorul R\u00ee\u0219cani al Capitalei, nu a fost \u00eenc\u0103 prins. Declara\u021bia a fost f\u0103cut\u0103 de \u0219eful IGP, Viorel Cern\u0103u\u021beanu, \u00eentr-o emisiune TV. Potrivit acestuia, trei complici au fost identifica\u021bi \u00een afara \u021b\u0103rii, unul fiind re\u021binut \u00een Marea Britanie. \u021ainta a fost monitorizat\u0103 timp de c\u00e2teva zile [\u2026]<\/div>\n","protected":false},"author":1,"featured_media":68730,"comment_status":"closed","ping_status":"closed","sticky":false,"template":"","format":"standard","meta":{"jnews-multi-image_gallery":[],"jnews_single_post":[],"jnews_primary_category":[],"jnews_social_meta":[],"jnews_override_counter":[],"footnotes":""},"categories":[30],"tags":[],"class_list":["post-68729","post","type-post","status-publish","format-standard","has-post-thumbnail","hentry","category-social_ro"],"_links":{"self":[{"href":"https:\/\/orheifm.live\/index.php\/wp-json\/wp\/v2\/posts\/68729","targetHints":{"allow":["GET"]}}],"collection":[{"href":"https:\/\/orheifm.live\/index.php\/wp-json\/wp\/v2\/posts"}],"about":[{"href":"https:\/\/orheifm.live\/index.php\/wp-json\/wp\/v2\/types\/post"}],"author":[{"embeddable":true,"href":"https:\/\/orheifm.live\/index.php\/wp-json\/wp\/v2\/users\/1"}],"replies":[{"embeddable":true,"href":"https:\/\/orheifm.live\/index.php\/wp-json\/wp\/v2\/comments?post=68729"}],"version-history":[{"count":0,"href":"https:\/\/orheifm.live\/index.php\/wp-json\/wp\/v2\/posts\/68729\/revisions"}],"wp:featuredmedia":[{"embeddable":true,"href":"https:\/\/orheifm.live\/index.php\/wp-json\/wp\/v2\/media\/68730"}],"wp:attachment":[{"href":"https:\/\/orheifm.live\/index.php\/wp-json\/wp\/v2\/media?parent=68729"}],"wp:term":[{"taxonomy":"category","embeddable":true,"href":"https:\/\/orheifm.live\/index.php\/wp-json\/wp\/v2\/categories?post=68729"},{"taxonomy":"post_tag","embeddable":true,"href":"https:\/\/orheifm.live\/index.php\/wp-json\/wp\/v2\/tags?post=68729"}],"curies":[{"name":"wp","href":"https:\/\/api.w.org\/{rel}","templated":true}]}}