{"id":68725,"date":"2025-03-10T13:00:27","date_gmt":"2025-03-10T11:00:27","guid":{"rendered":"https:\/\/orheifm.live\/index.php\/2025\/03\/10\/doua-femei-au-murit-in-incendii-devastatoare-la-donduseni-si-ocnita\/"},"modified":"2025-03-10T13:00:27","modified_gmt":"2025-03-10T11:00:27","slug":"doua-femei-au-murit-in-incendii-devastatoare-la-donduseni-si-ocnita","status":"publish","type":"post","link":"https:\/\/orheifm.live\/index.php\/2025\/03\/10\/doua-femei-au-murit-in-incendii-devastatoare-la-donduseni-si-ocnita\/","title":{"rendered":"Dou\u0103 femei au murit \u00een incendii devastatoare la Dondu\u0219eni \u0219i Ocni\u021ba"},"content":{"rendered":"<div>\n<p data-start=\"79\" data-end=\"208\"><strong>Dou\u0103 femei \u0219i-au pierdut via\u021ba \u00een urma unor incendii izbucnite \u00een locuin\u021bele lor, \u00een weekend, \u00een raioanele Dondu\u0219eni \u0219i Ocni\u021ba.<\/strong><\/p>\n<p data-start=\"210\" data-end=\"386\">Prima tragedie a avut loc pe 8 martie, \u00een ora\u0219ul Dondu\u0219eni. O femeie de 76 de ani a fost g\u0103sit\u0103 carbonizat\u0103 dup\u0103 ce casa sa de pe strada 31 August a fost cuprins\u0103 de fl\u0103c\u0103ri.<\/p>\n<p data-start=\"388\" data-end=\"581\">Al doilea incendiu s-a produs pe 9 martie, \u00een localitatea B\u0103rnova, Ocni\u021ba. O t\u00e2n\u0103r\u0103 de 27 de ani a fost descoperit\u0103 f\u0103r\u0103 via\u021b\u0103, corpul s\u0103u fiind g\u0103sit carbonizat dup\u0103 interven\u021bia pompierilor.<\/p>\n<p data-start=\"583\" data-end=\"661\" data-is-last-node=\"\" data-is-only-node=\"\">Autorit\u0103\u021bile investigheaz\u0103 ambele cazuri pentru a stabili cauzele incendiilor.<\/p>\n<\/div>\n","protected":false},"excerpt":{"rendered":"<div><img loading=\"lazy\" decoding=\"async\" width=\"696\" height=\"392\" src=\"https:\/\/canal5.md\/wp-content\/uploads\/2025\/03\/3cd3464c3b274b31947fee596911ca37d69275fba9a521397abd35d16a869307-1024x576-optimized.jpg\" class=\"attachment-large size-large wp-post-image\" alt=\"\" srcset=\"https:\/\/canal5.md\/wp-content\/uploads\/2025\/03\/3cd3464c3b274b31947fee596911ca37d69275fba9a521397abd35d16a869307-1024x576-optimized.jpg 1024w, https:\/\/canal5.md\/wp-content\/uploads\/2025\/03\/3cd3464c3b274b31947fee596911ca37d69275fba9a521397abd35d16a869307-300x169-optimized.jpg 300w, https:\/\/canal5.md\/wp-content\/uploads\/2025\/03\/3cd3464c3b274b31947fee596911ca37d69275fba9a521397abd35d16a869307-768x432-optimized.jpg 768w, https:\/\/canal5.md\/wp-content\/uploads\/2025\/03\/3cd3464c3b274b31947fee596911ca37d69275fba9a521397abd35d16a869307-696x392-optimized.jpg 696w, https:\/\/canal5.md\/wp-content\/uploads\/2025\/03\/3cd3464c3b274b31947fee596911ca37d69275fba9a521397abd35d16a869307-1068x601-optimized.jpg 1068w, https:\/\/canal5.md\/wp-content\/uploads\/2025\/03\/3cd3464c3b274b31947fee596911ca37d69275fba9a521397abd35d16a869307-optimized.jpg 1200w\">Dou\u0103 femei \u0219i-au pierdut via\u021ba \u00een urma unor incendii izbucnite \u00een locuin\u021bele lor, \u00een weekend, \u00een raioanele Dondu\u0219eni \u0219i Ocni\u021ba. Prima tragedie a avut loc pe 8 martie, \u00een ora\u0219ul Dondu\u0219eni. O femeie de 76 de ani a fost g\u0103sit\u0103 carbonizat\u0103 dup\u0103 ce casa sa de pe strada 31 August a fost cuprins\u0103 de fl\u0103c\u0103ri. [\u2026]<\/div>\n","protected":false},"author":1,"featured_media":68726,"comment_status":"closed","ping_status":"closed","sticky":false,"template":"","format":"standard","meta":{"jnews-multi-image_gallery":[],"jnews_single_post":[],"jnews_primary_category":[],"jnews_social_meta":[],"jnews_override_counter":[],"footnotes":""},"categories":[30],"tags":[],"class_list":["post-68725","post","type-post","status-publish","format-standard","has-post-thumbnail","hentry","category-social_ro"],"_links":{"self":[{"href":"https:\/\/orheifm.live\/index.php\/wp-json\/wp\/v2\/posts\/68725","targetHints":{"allow":["GET"]}}],"collection":[{"href":"https:\/\/orheifm.live\/index.php\/wp-json\/wp\/v2\/posts"}],"about":[{"href":"https:\/\/orheifm.live\/index.php\/wp-json\/wp\/v2\/types\/post"}],"author":[{"embeddable":true,"href":"https:\/\/orheifm.live\/index.php\/wp-json\/wp\/v2\/users\/1"}],"replies":[{"embeddable":true,"href":"https:\/\/orheifm.live\/index.php\/wp-json\/wp\/v2\/comments?post=68725"}],"version-history":[{"count":0,"href":"https:\/\/orheifm.live\/index.php\/wp-json\/wp\/v2\/posts\/68725\/revisions"}],"wp:featuredmedia":[{"embeddable":true,"href":"https:\/\/orheifm.live\/index.php\/wp-json\/wp\/v2\/media\/68726"}],"wp:attachment":[{"href":"https:\/\/orheifm.live\/index.php\/wp-json\/wp\/v2\/media?parent=68725"}],"wp:term":[{"taxonomy":"category","embeddable":true,"href":"https:\/\/orheifm.live\/index.php\/wp-json\/wp\/v2\/categories?post=68725"},{"taxonomy":"post_tag","embeddable":true,"href":"https:\/\/orheifm.live\/index.php\/wp-json\/wp\/v2\/tags?post=68725"}],"curies":[{"name":"wp","href":"https:\/\/api.w.org\/{rel}","templated":true}]}}