{"id":68721,"date":"2025-03-10T12:20:15","date_gmt":"2025-03-10T10:20:15","guid":{"rendered":"https:\/\/orheifm.live\/index.php\/2025\/03\/10\/barbat-condamnat-la-inchisoare-cu-suspendare-dupa-un-atac-violent-la-cernita\/"},"modified":"2025-03-10T12:20:15","modified_gmt":"2025-03-10T10:20:15","slug":"barbat-condamnat-la-inchisoare-cu-suspendare-dupa-un-atac-violent-la-cernita","status":"publish","type":"post","link":"https:\/\/orheifm.live\/index.php\/2025\/03\/10\/barbat-condamnat-la-inchisoare-cu-suspendare-dupa-un-atac-violent-la-cernita\/","title":{"rendered":"B\u0103rbat condamnat la \u00eenchisoare cu suspendare dup\u0103 un atac violent la Cerni\u021ba"},"content":{"rendered":"<div>\n<p data-start=\"88\" data-end=\"365\"><strong>Un incident violent petrecut \u00een extravilanul satului Cerni\u021ba, raionul Flore\u0219ti, s-a \u00eencheiat cu condamnarea unui b\u0103rbat la patru ani de \u00eenchisoare cu suspendare. Acesta a atacat dou\u0103 persoane cu partea dorsal\u0103 a unui topor, provoc\u00e2nd unui b\u0103rbat leziuni grave la cap \u0219i fa\u021b\u0103.<\/strong><\/p>\n<p data-start=\"367\" data-end=\"614\">Conflictul a avut loc pe 9 martie 2024, \u00eentr-o zon\u0103 forestier\u0103, unde victimele t\u0103iau crengi pentru vi\u021ba de vie. Agresorul, aflat \u00een stare de ebrietate, a provocat un traumatism cranio-cerebral grav unei victime \u0219i a r\u0103nit u\u0219or cealalt\u0103 persoan\u0103.<\/p>\n<p data-start=\"616\" data-end=\"867\">Procesul s-a desf\u0103\u0219urat \u00een procedur\u0103 simplificat\u0103, inculpatul recunosc\u00e2ndu-\u0219i vina. Instan\u021ba l-a condamnat la patru ani de \u00eenchisoare cu suspendare pe trei ani \u0219i l-a obligat s\u0103 achite 35.050 lei drept desp\u0103gubiri, plus 576 lei cheltuieli judiciare.<\/p>\n<p data-start=\"869\" data-end=\"1059\" data-is-last-node=\"\" data-is-only-node=\"\">Condamnatul trebuie s\u0103 respecte condi\u021biile impuse de instan\u021b\u0103, inclusiv prezentarea la proba\u021biune. Dac\u0103 \u00eencalc\u0103 aceste obliga\u021bii sau comite o nou\u0103 infrac\u021biune, pedeapsa va deveni executorie.<\/p>\n<\/div>\n","protected":false},"excerpt":{"rendered":"<div><img loading=\"lazy\" decoding=\"async\" width=\"696\" height=\"392\" src=\"https:\/\/canal5.md\/wp-content\/uploads\/2025\/03\/9362bfe6961d1cc1441aae0f97cd8b611c30ee59d0f59dcc2f88279534b42af2-1024x576-optimized.jpg\" class=\"attachment-large size-large wp-post-image\" alt=\"\" srcset=\"https:\/\/canal5.md\/wp-content\/uploads\/2025\/03\/9362bfe6961d1cc1441aae0f97cd8b611c30ee59d0f59dcc2f88279534b42af2-1024x576-optimized.jpg 1024w, https:\/\/canal5.md\/wp-content\/uploads\/2025\/03\/9362bfe6961d1cc1441aae0f97cd8b611c30ee59d0f59dcc2f88279534b42af2-300x169-optimized.jpg 300w, https:\/\/canal5.md\/wp-content\/uploads\/2025\/03\/9362bfe6961d1cc1441aae0f97cd8b611c30ee59d0f59dcc2f88279534b42af2-768x432-optimized.jpg 768w, https:\/\/canal5.md\/wp-content\/uploads\/2025\/03\/9362bfe6961d1cc1441aae0f97cd8b611c30ee59d0f59dcc2f88279534b42af2-696x392-optimized.jpg 696w, https:\/\/canal5.md\/wp-content\/uploads\/2025\/03\/9362bfe6961d1cc1441aae0f97cd8b611c30ee59d0f59dcc2f88279534b42af2-1068x601-optimized.jpg 1068w, https:\/\/canal5.md\/wp-content\/uploads\/2025\/03\/9362bfe6961d1cc1441aae0f97cd8b611c30ee59d0f59dcc2f88279534b42af2-optimized.jpg 1200w\">Un incident violent petrecut \u00een extravilanul satului Cerni\u021ba, raionul Flore\u0219ti, s-a \u00eencheiat cu condamnarea unui b\u0103rbat la patru ani de \u00eenchisoare cu suspendare. Acesta a atacat dou\u0103 persoane cu partea dorsal\u0103 a unui topor, provoc\u00e2nd unui b\u0103rbat leziuni grave la cap \u0219i fa\u021b\u0103. Conflictul a avut loc pe 9 martie 2024, \u00eentr-o zon\u0103 forestier\u0103, unde [\u2026]<\/div>\n","protected":false},"author":1,"featured_media":68722,"comment_status":"closed","ping_status":"closed","sticky":false,"template":"","format":"standard","meta":{"jnews-multi-image_gallery":[],"jnews_single_post":[],"jnews_primary_category":[],"jnews_social_meta":[],"jnews_override_counter":[],"footnotes":""},"categories":[30],"tags":[],"class_list":["post-68721","post","type-post","status-publish","format-standard","has-post-thumbnail","hentry","category-social_ro"],"_links":{"self":[{"href":"https:\/\/orheifm.live\/index.php\/wp-json\/wp\/v2\/posts\/68721","targetHints":{"allow":["GET"]}}],"collection":[{"href":"https:\/\/orheifm.live\/index.php\/wp-json\/wp\/v2\/posts"}],"about":[{"href":"https:\/\/orheifm.live\/index.php\/wp-json\/wp\/v2\/types\/post"}],"author":[{"embeddable":true,"href":"https:\/\/orheifm.live\/index.php\/wp-json\/wp\/v2\/users\/1"}],"replies":[{"embeddable":true,"href":"https:\/\/orheifm.live\/index.php\/wp-json\/wp\/v2\/comments?post=68721"}],"version-history":[{"count":0,"href":"https:\/\/orheifm.live\/index.php\/wp-json\/wp\/v2\/posts\/68721\/revisions"}],"wp:featuredmedia":[{"embeddable":true,"href":"https:\/\/orheifm.live\/index.php\/wp-json\/wp\/v2\/media\/68722"}],"wp:attachment":[{"href":"https:\/\/orheifm.live\/index.php\/wp-json\/wp\/v2\/media?parent=68721"}],"wp:term":[{"taxonomy":"category","embeddable":true,"href":"https:\/\/orheifm.live\/index.php\/wp-json\/wp\/v2\/categories?post=68721"},{"taxonomy":"post_tag","embeddable":true,"href":"https:\/\/orheifm.live\/index.php\/wp-json\/wp\/v2\/tags?post=68721"}],"curies":[{"name":"wp","href":"https:\/\/api.w.org\/{rel}","templated":true}]}}