{"id":68719,"date":"2025-03-10T12:00:37","date_gmt":"2025-03-10T10:00:37","guid":{"rendered":"https:\/\/orheifm.live\/index.php\/2025\/03\/10\/accident-grav-in-hincesti-un-bmw-si-un-microbuz-avariate\/"},"modified":"2025-03-10T12:00:37","modified_gmt":"2025-03-10T10:00:37","slug":"accident-grav-in-hincesti-un-bmw-si-un-microbuz-avariate","status":"publish","type":"post","link":"https:\/\/orheifm.live\/index.php\/2025\/03\/10\/accident-grav-in-hincesti-un-bmw-si-un-microbuz-avariate\/","title":{"rendered":"Accident grav \u00een H\u00eence\u0219ti: un BMW \u0219i un microbuz avariate"},"content":{"rendered":"<div>\n<p data-start=\"21\" data-end=\"224\"><strong>Dou\u0103 vehicule au fost grav avariate \u00eentr-un accident produs ast\u0103zi \u00een raionul H\u00eence\u0219ti.<\/strong><\/p>\n<p> Potrivit imaginilor publicate de martori oculari, \u00een coliziune au fost implicate un microbuz \u0219i un automobil BMW.<\/p>\n<p data-start=\"226\" data-end=\"387\">Ambele ma\u0219ini au r\u0103mas blocate pe carosabil, provoc\u00e2nd ambuteiaje. Poli\u021bia este la fa\u021ba locului pentru a stabili circumstan\u021bele \u0219i responsabilitatea \u0219oferilor.<\/p>\n<\/div>\n","protected":false},"excerpt":{"rendered":"<div><img loading=\"lazy\" decoding=\"async\" width=\"696\" height=\"392\" src=\"https:\/\/canal5.md\/wp-content\/uploads\/2025\/03\/0e0c913a-38cb-4858-9d5b-5cffdb231978-1024x576-optimized.jpg\" class=\"attachment-large size-large wp-post-image\" alt=\"\" srcset=\"https:\/\/canal5.md\/wp-content\/uploads\/2025\/03\/0e0c913a-38cb-4858-9d5b-5cffdb231978-1024x576-optimized.jpg 1024w, https:\/\/canal5.md\/wp-content\/uploads\/2025\/03\/0e0c913a-38cb-4858-9d5b-5cffdb231978-300x169-optimized.jpg 300w, https:\/\/canal5.md\/wp-content\/uploads\/2025\/03\/0e0c913a-38cb-4858-9d5b-5cffdb231978-768x432-optimized.jpg 768w, https:\/\/canal5.md\/wp-content\/uploads\/2025\/03\/0e0c913a-38cb-4858-9d5b-5cffdb231978-696x392-optimized.jpg 696w, https:\/\/canal5.md\/wp-content\/uploads\/2025\/03\/0e0c913a-38cb-4858-9d5b-5cffdb231978-1068x601-optimized.jpg 1068w, https:\/\/canal5.md\/wp-content\/uploads\/2025\/03\/0e0c913a-38cb-4858-9d5b-5cffdb231978-optimized.jpg 1200w\">Dou\u0103 vehicule au fost grav avariate \u00eentr-un accident produs ast\u0103zi \u00een raionul H\u00eence\u0219ti. Potrivit imaginilor publicate de martori oculari, \u00een coliziune au fost implicate un microbuz \u0219i un automobil BMW. Ambele ma\u0219ini au r\u0103mas blocate pe carosabil, provoc\u00e2nd ambuteiaje. Poli\u021bia este la fa\u021ba locului pentru a stabili circumstan\u021bele \u0219i responsabilitatea \u0219oferilor.<\/div>\n","protected":false},"author":1,"featured_media":68720,"comment_status":"closed","ping_status":"closed","sticky":false,"template":"","format":"standard","meta":{"jnews-multi-image_gallery":[],"jnews_single_post":[],"jnews_primary_category":[],"jnews_social_meta":[],"jnews_override_counter":[],"footnotes":""},"categories":[30],"tags":[],"class_list":["post-68719","post","type-post","status-publish","format-standard","has-post-thumbnail","hentry","category-social_ro"],"_links":{"self":[{"href":"https:\/\/orheifm.live\/index.php\/wp-json\/wp\/v2\/posts\/68719","targetHints":{"allow":["GET"]}}],"collection":[{"href":"https:\/\/orheifm.live\/index.php\/wp-json\/wp\/v2\/posts"}],"about":[{"href":"https:\/\/orheifm.live\/index.php\/wp-json\/wp\/v2\/types\/post"}],"author":[{"embeddable":true,"href":"https:\/\/orheifm.live\/index.php\/wp-json\/wp\/v2\/users\/1"}],"replies":[{"embeddable":true,"href":"https:\/\/orheifm.live\/index.php\/wp-json\/wp\/v2\/comments?post=68719"}],"version-history":[{"count":0,"href":"https:\/\/orheifm.live\/index.php\/wp-json\/wp\/v2\/posts\/68719\/revisions"}],"wp:featuredmedia":[{"embeddable":true,"href":"https:\/\/orheifm.live\/index.php\/wp-json\/wp\/v2\/media\/68720"}],"wp:attachment":[{"href":"https:\/\/orheifm.live\/index.php\/wp-json\/wp\/v2\/media?parent=68719"}],"wp:term":[{"taxonomy":"category","embeddable":true,"href":"https:\/\/orheifm.live\/index.php\/wp-json\/wp\/v2\/categories?post=68719"},{"taxonomy":"post_tag","embeddable":true,"href":"https:\/\/orheifm.live\/index.php\/wp-json\/wp\/v2\/tags?post=68719"}],"curies":[{"name":"wp","href":"https:\/\/api.w.org\/{rel}","templated":true}]}}