{"id":68711,"date":"2025-03-10T10:45:52","date_gmt":"2025-03-10T08:45:52","guid":{"rendered":"https:\/\/orheifm.live\/index.php\/2025\/03\/10\/atentionare-pentru-moldovenii-care-planifica-sa-calatoreasca-in-germania\/"},"modified":"2025-03-10T10:45:52","modified_gmt":"2025-03-10T08:45:52","slug":"atentionare-pentru-moldovenii-care-planifica-sa-calatoreasca-in-germania","status":"publish","type":"post","link":"https:\/\/orheifm.live\/index.php\/2025\/03\/10\/atentionare-pentru-moldovenii-care-planifica-sa-calatoreasca-in-germania\/","title":{"rendered":"Aten\u021bionare pentru moldovenii care planific\u0103 s\u0103 c\u0103l\u0103toreasc\u0103 \u00een Germania"},"content":{"rendered":"<div>\n<p data-start=\"44\" data-end=\"186\"><strong>Pe 10 martie, angaja\u021bii marilor aeroporturi din Germania au organizat o grev\u0103 de avertizare de 24 de ore, la apelul sindicatului\u00a0<\/strong><\/p>\n<p data-start=\"188\" data-end=\"514\">Protestul a afectat aeroporturile Berlin-Brandenburg, Stuttgart, K\u00f6ln\/Bonn, D\u00fcsseldorf, Dortmund, M\u00fcnchen, Hamburg, Frankfurt pe Main, Hanovra, Bremen \u0219i Leipzig\/Halle. \u00cen aeroporturile Weeze \u0219i Karlsruhe\/Baden-Baden, greva a fost organizat\u0103 doar de personalul responsabil de securitatea aeronautic\u0103 \u0219i serviciile auxiliare.<\/p>\n<p data-start=\"516\" data-end=\"790\">Potrivit ADV, peste 3 400 de zboruri au fost anulate, afect\u00e2nd aproximativ 510 000 de pasageri. Sindicatul solicit\u0103 o cre\u0219tere a salariilor cu 8% (dar nu mai pu\u021bin de 350 de euro pe lun\u0103), sporuri pentru condi\u021bii grele de munc\u0103 \u0219i zile libere suplimentare.<\/p>\n<\/div>\n","protected":false},"excerpt":{"rendered":"<div><img loading=\"lazy\" decoding=\"async\" width=\"696\" height=\"392\" src=\"https:\/\/canal5.md\/wp-content\/uploads\/2025\/03\/8ccace1a4e79879e39fbf95f862ee9e2-1024x576-optimized.jpg\" class=\"attachment-large size-large wp-post-image\" alt=\"\" srcset=\"https:\/\/canal5.md\/wp-content\/uploads\/2025\/03\/8ccace1a4e79879e39fbf95f862ee9e2-1024x576-optimized.jpg 1024w, https:\/\/canal5.md\/wp-content\/uploads\/2025\/03\/8ccace1a4e79879e39fbf95f862ee9e2-300x169-optimized.jpg 300w, https:\/\/canal5.md\/wp-content\/uploads\/2025\/03\/8ccace1a4e79879e39fbf95f862ee9e2-768x432-optimized.jpg 768w, https:\/\/canal5.md\/wp-content\/uploads\/2025\/03\/8ccace1a4e79879e39fbf95f862ee9e2-696x392-optimized.jpg 696w, https:\/\/canal5.md\/wp-content\/uploads\/2025\/03\/8ccace1a4e79879e39fbf95f862ee9e2-1068x601-optimized.jpg 1068w, https:\/\/canal5.md\/wp-content\/uploads\/2025\/03\/8ccace1a4e79879e39fbf95f862ee9e2-optimized.jpg 1200w\">Pe 10 martie, angaja\u021bii marilor aeroporturi din Germania au organizat o grev\u0103 de avertizare de 24 de ore, la apelul sindicatului\u00a0 Protestul a afectat aeroporturile Berlin-Brandenburg, Stuttgart, K\u00f6ln\/Bonn, D\u00fcsseldorf, Dortmund, M\u00fcnchen, Hamburg, Frankfurt pe Main, Hanovra, Bremen \u0219i Leipzig\/Halle. \u00cen aeroporturile Weeze \u0219i Karlsruhe\/Baden-Baden, greva a fost organizat\u0103 doar de personalul responsabil de securitatea aeronautic\u0103 [\u2026]<\/div>\n","protected":false},"author":1,"featured_media":68712,"comment_status":"closed","ping_status":"closed","sticky":false,"template":"","format":"standard","meta":{"jnews-multi-image_gallery":[],"jnews_single_post":[],"jnews_primary_category":[],"jnews_social_meta":[],"jnews_override_counter":[],"footnotes":""},"categories":[30],"tags":[],"class_list":["post-68711","post","type-post","status-publish","format-standard","has-post-thumbnail","hentry","category-social_ro"],"_links":{"self":[{"href":"https:\/\/orheifm.live\/index.php\/wp-json\/wp\/v2\/posts\/68711","targetHints":{"allow":["GET"]}}],"collection":[{"href":"https:\/\/orheifm.live\/index.php\/wp-json\/wp\/v2\/posts"}],"about":[{"href":"https:\/\/orheifm.live\/index.php\/wp-json\/wp\/v2\/types\/post"}],"author":[{"embeddable":true,"href":"https:\/\/orheifm.live\/index.php\/wp-json\/wp\/v2\/users\/1"}],"replies":[{"embeddable":true,"href":"https:\/\/orheifm.live\/index.php\/wp-json\/wp\/v2\/comments?post=68711"}],"version-history":[{"count":0,"href":"https:\/\/orheifm.live\/index.php\/wp-json\/wp\/v2\/posts\/68711\/revisions"}],"wp:featuredmedia":[{"embeddable":true,"href":"https:\/\/orheifm.live\/index.php\/wp-json\/wp\/v2\/media\/68712"}],"wp:attachment":[{"href":"https:\/\/orheifm.live\/index.php\/wp-json\/wp\/v2\/media?parent=68711"}],"wp:term":[{"taxonomy":"category","embeddable":true,"href":"https:\/\/orheifm.live\/index.php\/wp-json\/wp\/v2\/categories?post=68711"},{"taxonomy":"post_tag","embeddable":true,"href":"https:\/\/orheifm.live\/index.php\/wp-json\/wp\/v2\/tags?post=68711"}],"curies":[{"name":"wp","href":"https:\/\/api.w.org\/{rel}","templated":true}]}}