{"id":68709,"date":"2025-03-10T10:40:24","date_gmt":"2025-03-10T08:40:24","guid":{"rendered":"https:\/\/orheifm.live\/index.php\/2025\/03\/10\/cadavrul-unui-barbat-disparut-a-fost-gasit-in-raul-nistru\/"},"modified":"2025-03-10T10:40:24","modified_gmt":"2025-03-10T08:40:24","slug":"cadavrul-unui-barbat-disparut-a-fost-gasit-in-raul-nistru","status":"publish","type":"post","link":"https:\/\/orheifm.live\/index.php\/2025\/03\/10\/cadavrul-unui-barbat-disparut-a-fost-gasit-in-raul-nistru\/","title":{"rendered":"Cadavrul unui b\u0103rbat disp\u0103rut a fost g\u0103sit \u00een r\u00e2ul Nistru"},"content":{"rendered":"<div>\n<p data-start=\"65\" data-end=\"275\"><strong>O patrul\u0103 de gr\u0103niceri ucraineni a descoperit, pe 9 martie, \u00een jurul orei 13:00, cadavrul unui b\u0103rbat \u00een apele r\u00e2ului Nistru, pe segmentul de frontier\u0103 \u201eIampoli \u2013 Cos\u0103u\u021bi\u201d, potrivit surselor PulsMedia.MD.<\/strong><\/p>\n<p data-start=\"277\" data-end=\"488\">Autorit\u0103\u021bile din Republica Moldova au fost alertate de gr\u0103nicerii ucraineni, care au recuperat trupul ne\u00eensufle\u021bit. Ulterior, s-a stabilit c\u0103 b\u0103rbatul era cet\u0103\u021bean ucrainean \u0219i fusese dat disp\u0103rut de so\u021bia sa.<\/p>\n<p data-start=\"490\" data-end=\"743\" data-is-last-node=\"\" data-is-only-node=\"\">Sursele mai precizeaz\u0103 c\u0103, pe 3 februarie, poli\u021bi\u0219tii de frontier\u0103 moldoveni au g\u0103sit pe malul r\u00e2ului un rucsac cu actele \u0219i bunurile personale ale acestuia. Hainele \u00een care a fost g\u0103sit cadavrul corespund exact cu cele descrise la momentul dispari\u021biei.<\/p>\n<\/div>\n","protected":false},"excerpt":{"rendered":"<div><img loading=\"lazy\" decoding=\"async\" width=\"696\" height=\"392\" src=\"https:\/\/canal5.md\/wp-content\/uploads\/2025\/03\/137d9db498af534a0eb6b693c142c3672e4a70ff1364cd12ebc96f41394beb78-1024x576-optimized.jpg\" class=\"attachment-large size-large wp-post-image\" alt=\"\" srcset=\"https:\/\/canal5.md\/wp-content\/uploads\/2025\/03\/137d9db498af534a0eb6b693c142c3672e4a70ff1364cd12ebc96f41394beb78-1024x576-optimized.jpg 1024w, https:\/\/canal5.md\/wp-content\/uploads\/2025\/03\/137d9db498af534a0eb6b693c142c3672e4a70ff1364cd12ebc96f41394beb78-300x169-optimized.jpg 300w, https:\/\/canal5.md\/wp-content\/uploads\/2025\/03\/137d9db498af534a0eb6b693c142c3672e4a70ff1364cd12ebc96f41394beb78-768x432-optimized.jpg 768w, https:\/\/canal5.md\/wp-content\/uploads\/2025\/03\/137d9db498af534a0eb6b693c142c3672e4a70ff1364cd12ebc96f41394beb78-696x392-optimized.jpg 696w, https:\/\/canal5.md\/wp-content\/uploads\/2025\/03\/137d9db498af534a0eb6b693c142c3672e4a70ff1364cd12ebc96f41394beb78-1068x601-optimized.jpg 1068w, https:\/\/canal5.md\/wp-content\/uploads\/2025\/03\/137d9db498af534a0eb6b693c142c3672e4a70ff1364cd12ebc96f41394beb78-optimized.jpg 1200w\">O patrul\u0103 de gr\u0103niceri ucraineni a descoperit, pe 9 martie, \u00een jurul orei 13:00, cadavrul unui b\u0103rbat \u00een apele r\u00e2ului Nistru, pe segmentul de frontier\u0103 \u201eIampoli \u2013 Cos\u0103u\u021bi\u201d, potrivit surselor PulsMedia.MD. Autorit\u0103\u021bile din Republica Moldova au fost alertate de gr\u0103nicerii ucraineni, care au recuperat trupul ne\u00eensufle\u021bit. Ulterior, s-a stabilit c\u0103 b\u0103rbatul era cet\u0103\u021bean ucrainean \u0219i [\u2026]<\/div>\n","protected":false},"author":1,"featured_media":68710,"comment_status":"closed","ping_status":"closed","sticky":false,"template":"","format":"standard","meta":{"jnews-multi-image_gallery":[],"jnews_single_post":[],"jnews_primary_category":[],"jnews_social_meta":[],"jnews_override_counter":[],"footnotes":""},"categories":[30],"tags":[],"class_list":["post-68709","post","type-post","status-publish","format-standard","has-post-thumbnail","hentry","category-social_ro"],"_links":{"self":[{"href":"https:\/\/orheifm.live\/index.php\/wp-json\/wp\/v2\/posts\/68709","targetHints":{"allow":["GET"]}}],"collection":[{"href":"https:\/\/orheifm.live\/index.php\/wp-json\/wp\/v2\/posts"}],"about":[{"href":"https:\/\/orheifm.live\/index.php\/wp-json\/wp\/v2\/types\/post"}],"author":[{"embeddable":true,"href":"https:\/\/orheifm.live\/index.php\/wp-json\/wp\/v2\/users\/1"}],"replies":[{"embeddable":true,"href":"https:\/\/orheifm.live\/index.php\/wp-json\/wp\/v2\/comments?post=68709"}],"version-history":[{"count":0,"href":"https:\/\/orheifm.live\/index.php\/wp-json\/wp\/v2\/posts\/68709\/revisions"}],"wp:featuredmedia":[{"embeddable":true,"href":"https:\/\/orheifm.live\/index.php\/wp-json\/wp\/v2\/media\/68710"}],"wp:attachment":[{"href":"https:\/\/orheifm.live\/index.php\/wp-json\/wp\/v2\/media?parent=68709"}],"wp:term":[{"taxonomy":"category","embeddable":true,"href":"https:\/\/orheifm.live\/index.php\/wp-json\/wp\/v2\/categories?post=68709"},{"taxonomy":"post_tag","embeddable":true,"href":"https:\/\/orheifm.live\/index.php\/wp-json\/wp\/v2\/tags?post=68709"}],"curies":[{"name":"wp","href":"https:\/\/api.w.org\/{rel}","templated":true}]}}