{"id":68707,"date":"2025-03-10T10:20:43","date_gmt":"2025-03-10T08:20:43","guid":{"rendered":"https:\/\/orheifm.live\/index.php\/2025\/03\/10\/politia-investigheaza-si-alte-ipoteze-in-cazul-lui-romeo-zacarean\/"},"modified":"2025-03-10T10:20:43","modified_gmt":"2025-03-10T08:20:43","slug":"politia-investigheaza-si-alte-ipoteze-in-cazul-lui-romeo-zacarean","status":"publish","type":"post","link":"https:\/\/orheifm.live\/index.php\/2025\/03\/10\/politia-investigheaza-si-alte-ipoteze-in-cazul-lui-romeo-zacarean\/","title":{"rendered":"Poli\u021bia investigheaz\u0103 \u0219i alte ipoteze \u00een cazul lui Romeo Zacarean"},"content":{"rendered":"<div>\n<p data-start=\"93\" data-end=\"419\"><strong>Poli\u021bia Na\u021bional\u0103 nu exclude \u0219i alte versiuni \u00een cazul decesului lui Romeo Zacarean, proprietarul restaurantului \u201eLa Sarkis\u201d, g\u0103sit \u00eempu\u0219cat la sf\u00e2r\u0219itul lunii februarie. \u0218eful IGP, Viorel Cern\u0103u\u021beanu, a declarat la un post privat de televiziune c\u0103 ancheta este \u00een desf\u0103\u0219urare \u0219i c\u0103 se efectueaz\u0103 toate expertizele necesare.<\/strong><\/p>\n<p data-start=\"421\" data-end=\"843\">Cern\u0103u\u021beanu a men\u021bionat c\u0103 specula\u021biile privind o posibil\u0103 crim\u0103 au ap\u0103rut \u00een spa\u021biul public, dar nu din partea familiei sau apropia\u021bilor. Potrivit acestuia, la locul incidentului nu au fost g\u0103site dou\u0103 arme, ci doar una, iar imaginile video din locuin\u021b\u0103 arat\u0103 c\u0103 victima a luat arma din seif. De asemenea, \u00eenregistr\u0103rile surprinse \u00een perimetrul casei indic\u0103 faptul c\u0103 nimeni nu a intrat \u00een locuin\u021b\u0103 \u00eenainte de incident.<\/p>\n<p data-start=\"845\" data-end=\"1190\">Expertizele arat\u0103 c\u0103 at\u00e2t pe hainele, c\u00e2t \u0219i pe m\u00e2na victimei au fost identificate urme de pulbere de la tragerea armei. Poli\u021bia analizeaz\u0103 toate ipotezele, inclusiv eventuale conflicte. \u00cen ultimele \u0219ase luni, Zacarean a c\u0103l\u0103torit frecvent \u00een Odesa, \u00eens\u0103 Cern\u0103u\u021beanu sus\u021bine c\u0103 vizitele aveau mai degrab\u0103 un caracter personal dec\u00e2t de afaceri.<\/p>\n<p data-start=\"1192\" data-end=\"1448\">Amintim c\u0103 Romeo Zacarean a fost g\u0103sit \u00eempu\u0219cat \u00een curtea casei sale pe 21 februarie. Poli\u021bia a emis ini\u021bial ipoteza sinuciderii, iar Comunitatea Armean\u0103 din Moldova a declarat ulterior c\u0103 decesul s-a produs \u00een urma manipul\u0103rii necorespunz\u0103toare a armei.<\/p>\n<\/div>\n","protected":false},"excerpt":{"rendered":"<div><img loading=\"lazy\" decoding=\"async\" width=\"696\" height=\"392\" src=\"https:\/\/canal5.md\/wp-content\/uploads\/2025\/03\/321860e378a4d2ed77c3bda4a1d85f6ce6132e81af2cfaadb007205a44c7e5f7-1-1024x576-optimized.jpg\" class=\"attachment-large size-large wp-post-image\" alt=\"\" srcset=\"https:\/\/canal5.md\/wp-content\/uploads\/2025\/03\/321860e378a4d2ed77c3bda4a1d85f6ce6132e81af2cfaadb007205a44c7e5f7-1-1024x576-optimized.jpg 1024w, https:\/\/canal5.md\/wp-content\/uploads\/2025\/03\/321860e378a4d2ed77c3bda4a1d85f6ce6132e81af2cfaadb007205a44c7e5f7-1-300x169-optimized.jpg 300w, https:\/\/canal5.md\/wp-content\/uploads\/2025\/03\/321860e378a4d2ed77c3bda4a1d85f6ce6132e81af2cfaadb007205a44c7e5f7-1-768x432-optimized.jpg 768w, https:\/\/canal5.md\/wp-content\/uploads\/2025\/03\/321860e378a4d2ed77c3bda4a1d85f6ce6132e81af2cfaadb007205a44c7e5f7-1-696x392-optimized.jpg 696w, https:\/\/canal5.md\/wp-content\/uploads\/2025\/03\/321860e378a4d2ed77c3bda4a1d85f6ce6132e81af2cfaadb007205a44c7e5f7-1-1068x601-optimized.jpg 1068w, https:\/\/canal5.md\/wp-content\/uploads\/2025\/03\/321860e378a4d2ed77c3bda4a1d85f6ce6132e81af2cfaadb007205a44c7e5f7-1-optimized.jpg 1200w\">Poli\u021bia Na\u021bional\u0103 nu exclude \u0219i alte versiuni \u00een cazul decesului lui Romeo Zacarean, proprietarul restaurantului \u201eLa Sarkis\u201d, g\u0103sit \u00eempu\u0219cat la sf\u00e2r\u0219itul lunii februarie. \u0218eful IGP, Viorel Cern\u0103u\u021beanu, a declarat la un post privat de televiziune c\u0103 ancheta este \u00een desf\u0103\u0219urare \u0219i c\u0103 se efectueaz\u0103 toate expertizele necesare. Cern\u0103u\u021beanu a men\u021bionat c\u0103 specula\u021biile privind o posibil\u0103 [\u2026]<\/div>\n","protected":false},"author":1,"featured_media":68708,"comment_status":"closed","ping_status":"closed","sticky":false,"template":"","format":"standard","meta":{"jnews-multi-image_gallery":[],"jnews_single_post":[],"jnews_primary_category":[],"jnews_social_meta":[],"jnews_override_counter":[],"footnotes":""},"categories":[23],"tags":[],"class_list":["post-68707","post","type-post","status-publish","format-standard","has-post-thumbnail","hentry","category-politica_ro"],"_links":{"self":[{"href":"https:\/\/orheifm.live\/index.php\/wp-json\/wp\/v2\/posts\/68707","targetHints":{"allow":["GET"]}}],"collection":[{"href":"https:\/\/orheifm.live\/index.php\/wp-json\/wp\/v2\/posts"}],"about":[{"href":"https:\/\/orheifm.live\/index.php\/wp-json\/wp\/v2\/types\/post"}],"author":[{"embeddable":true,"href":"https:\/\/orheifm.live\/index.php\/wp-json\/wp\/v2\/users\/1"}],"replies":[{"embeddable":true,"href":"https:\/\/orheifm.live\/index.php\/wp-json\/wp\/v2\/comments?post=68707"}],"version-history":[{"count":0,"href":"https:\/\/orheifm.live\/index.php\/wp-json\/wp\/v2\/posts\/68707\/revisions"}],"wp:featuredmedia":[{"embeddable":true,"href":"https:\/\/orheifm.live\/index.php\/wp-json\/wp\/v2\/media\/68708"}],"wp:attachment":[{"href":"https:\/\/orheifm.live\/index.php\/wp-json\/wp\/v2\/media?parent=68707"}],"wp:term":[{"taxonomy":"category","embeddable":true,"href":"https:\/\/orheifm.live\/index.php\/wp-json\/wp\/v2\/categories?post=68707"},{"taxonomy":"post_tag","embeddable":true,"href":"https:\/\/orheifm.live\/index.php\/wp-json\/wp\/v2\/tags?post=68707"}],"curies":[{"name":"wp","href":"https:\/\/api.w.org\/{rel}","templated":true}]}}